{"id":100,"date":"2011-09-05T16:33:19","date_gmt":"2011-09-05T14:33:19","guid":{"rendered":"http:\/\/mitransplantedepelo.wordpress.com\/?p=100"},"modified":"2012-04-26T14:03:45","modified_gmt":"2012-04-26T14:03:45","slug":"al-mes","status":"publish","type":"post","link":"https:\/\/www.capilae.es\/blog\/100\/al-mes","title":{"rendered":"Al mes."},"content":{"rendered":"<p>Hola:<\/p>\n<p>Despu\u00e9s de unos d\u00edas de vacaciones, con mucho cuidado para que no le de el sol a los injertos, estoy aqu\u00ed de nuevo, para mostrar los resultados al mes de mi cirug\u00eda de injerto capilar. Aqu\u00ed ten\u00e9is la foto de la parte frontal.<\/p>\n<p><a href=\"http:\/\/mitransplantedepelo.files.wordpress.com\/2011\/09\/dsc_0368.jpg\"><img loading=\"lazy\" decoding=\"async\" class=\"aligncenter size-medium wp-image-101\" title=\"DSC_0368\" src=\"http:\/\/mitransplantedepelo.files.wordpress.com\/2011\/09\/dsc_0368.jpg?w=300\" alt=\"\" width=\"300\" height=\"200\" \/><\/a><\/p>\n<p>Como veis, hay cierta disminuci\u00f3n de la densidad respecto a las primeras fotos, aunque esto suele ser un motivo de alarma para los pacientes, es algo normal, y que el cuero cabelludo va dejando caer los pelos progresivamente y poco a poco haci\u00e9ndoles crecer a partir de los 2-3 meses del transplante de pelo (el per\u00edodo de reposo del pelo son unas 8-10 semanas). As\u00ed que ahora quedan meses de poco resultado y yo calculo que hasta pasadas las navidades, poco se va a ver en cuanto a avance est\u00e9tico.<\/p>\n<p>Por otro lado, aqu\u00ed ten\u00e9is el estado de la cicatriz, que aunque sigue algo roja est\u00e1 cada vez m\u00e1s difuminada&#8230; pero igual que lo anterior, todav\u00eda queda tiempo para que palidezca y se ponga en el mismo tono que el resto de la piel de alrededor.<\/p>\n<p><a href=\"http:\/\/mitransplantedepelo.files.wordpress.com\/2011\/09\/dsc_0366.jpg\"><img loading=\"lazy\" decoding=\"async\" class=\"aligncenter size-medium wp-image-102\" title=\"DSC_0366\" src=\"http:\/\/mitransplantedepelo.files.wordpress.com\/2011\/09\/dsc_0366.jpg?w=300\" alt=\"\" width=\"300\" height=\"200\" \/><\/a><\/p>\n<p>Por \u00faltimo, tengo que decir que hoy me he ido a cortar el pelo, sin ning\u00fan problema.<\/p>\n","protected":false},"excerpt":{"rendered":"<p>Hola: Despu\u00e9s de unos d\u00edas de vacaciones, con mucho cuidado para que no le de el sol a los injertos, estoy aqu\u00ed de nuevo, para mostrar los resultados al mes de mi cirug\u00eda de injerto capilar. Aqu\u00ed ten\u00e9is la foto de la parte frontal. Como veis, hay cierta disminuci\u00f3n de la densidad respecto a las [&hellip;]<\/p>\n","protected":false},"author":1,"featured_media":0,"comment_status":"open","ping_status":"closed","sticky":false,"template":"","format":"standard","meta":{"footnotes":""},"categories":[75],"tags":[68,69,59],"class_list":["post-100","post","type-post","status-publish","format-standard","hentry","category-noticias","tag-ciacatriz","tag-fase-de-reposo","tag-injerto-de-pelo"],"yoast_head":"<!-- This site is optimized with the Yoast SEO plugin v23.9 - https:\/\/yoast.com\/wordpress\/plugins\/seo\/ -->\n<title>Al mes. - Blog de Capilae.es<\/title>\n<meta name=\"robots\" content=\"index, follow, max-snippet:-1, max-image-preview:large, max-video-preview:-1\" \/>\n<link rel=\"canonical\" href=\"https:\/\/www.capilae.es\/blog\/100\/al-mes\" \/>\n<meta property=\"og:locale\" content=\"es_ES\" \/>\n<meta property=\"og:type\" content=\"article\" \/>\n<meta property=\"og:title\" content=\"Al mes. - Blog de Capilae.es\" \/>\n<meta property=\"og:description\" content=\"Hola: Despu\u00e9s de unos d\u00edas de vacaciones, con mucho cuidado para que no le de el sol a los injertos, estoy aqu\u00ed de nuevo, para mostrar los resultados al mes de mi cirug\u00eda de injerto capilar. Aqu\u00ed ten\u00e9is la foto de la parte frontal. Como veis, hay cierta disminuci\u00f3n de la densidad respecto a las [&hellip;]\" \/>\n<meta property=\"og:url\" content=\"https:\/\/www.capilae.es\/blog\/100\/al-mes\" \/>\n<meta property=\"og:site_name\" content=\"Blog de Capilae.es\" \/>\n<meta property=\"article:publisher\" content=\"https:\/\/www.facebook.com\/pages\/Capilae-Cirug%c3%ada-de-Transplante-Capilar\/\" \/>\n<meta property=\"article:published_time\" content=\"2011-09-05T14:33:19+00:00\" \/>\n<meta property=\"article:modified_time\" content=\"2012-04-26T14:03:45+00:00\" \/>\n<meta property=\"og:image\" content=\"http:\/\/mitransplantedepelo.files.wordpress.com\/2011\/09\/dsc_0368.jpg?w=300\" \/>\n<meta name=\"author\" content=\"Admin_capilae\" \/>\n<meta name=\"twitter:label1\" content=\"Escrito por\" \/>\n\t<meta name=\"twitter:data1\" content=\"Admin_capilae\" \/>\n\t<meta name=\"twitter:label2\" content=\"Tiempo de lectura\" \/>\n\t<meta name=\"twitter:data2\" content=\"1 minuto\" \/>\n<script type=\"application\/ld+json\" class=\"yoast-schema-graph\">{\"@context\":\"https:\/\/schema.org\",\"@graph\":[{\"@type\":\"WebPage\",\"@id\":\"https:\/\/www.capilae.es\/blog\/100\/al-mes\",\"url\":\"https:\/\/www.capilae.es\/blog\/100\/al-mes\",\"name\":\"Al mes. - Blog de Capilae.es\",\"isPartOf\":{\"@id\":\"https:\/\/www.capilae.es\/blog\/#website\"},\"primaryImageOfPage\":{\"@id\":\"https:\/\/www.capilae.es\/blog\/100\/al-mes#primaryimage\"},\"image\":{\"@id\":\"https:\/\/www.capilae.es\/blog\/100\/al-mes#primaryimage\"},\"thumbnailUrl\":\"http:\/\/mitransplantedepelo.files.wordpress.com\/2011\/09\/dsc_0368.jpg?w=300\",\"datePublished\":\"2011-09-05T14:33:19+00:00\",\"dateModified\":\"2012-04-26T14:03:45+00:00\",\"author\":{\"@id\":\"https:\/\/www.capilae.es\/blog\/#\/schema\/person\/c34b65e8c9ccb890ea9dfab7aed9ca2a\"},\"breadcrumb\":{\"@id\":\"https:\/\/www.capilae.es\/blog\/100\/al-mes#breadcrumb\"},\"inLanguage\":\"es\",\"potentialAction\":[{\"@type\":\"ReadAction\",\"target\":[\"https:\/\/www.capilae.es\/blog\/100\/al-mes\"]}]},{\"@type\":\"ImageObject\",\"inLanguage\":\"es\",\"@id\":\"https:\/\/www.capilae.es\/blog\/100\/al-mes#primaryimage\",\"url\":\"http:\/\/mitransplantedepelo.files.wordpress.com\/2011\/09\/dsc_0368.jpg?w=300\",\"contentUrl\":\"http:\/\/mitransplantedepelo.files.wordpress.com\/2011\/09\/dsc_0368.jpg?w=300\"},{\"@type\":\"BreadcrumbList\",\"@id\":\"https:\/\/www.capilae.es\/blog\/100\/al-mes#breadcrumb\",\"itemListElement\":[{\"@type\":\"ListItem\",\"position\":1,\"name\":\"Portada\",\"item\":\"https:\/\/www.capilae.es\/blog\"},{\"@type\":\"ListItem\",\"position\":2,\"name\":\"Al mes.\"}]},{\"@type\":\"WebSite\",\"@id\":\"https:\/\/www.capilae.es\/blog\/#website\",\"url\":\"https:\/\/www.capilae.es\/blog\/\",\"name\":\"Blog de Capilae.es\",\"description\":\"Noticias sobre cirug\u00eda capilar y trasplante de pelo\",\"potentialAction\":[{\"@type\":\"SearchAction\",\"target\":{\"@type\":\"EntryPoint\",\"urlTemplate\":\"https:\/\/www.capilae.es\/blog\/?s={search_term_string}\"},\"query-input\":{\"@type\":\"PropertyValueSpecification\",\"valueRequired\":true,\"valueName\":\"search_term_string\"}}],\"inLanguage\":\"es\"},{\"@type\":\"Person\",\"@id\":\"https:\/\/www.capilae.es\/blog\/#\/schema\/person\/c34b65e8c9ccb890ea9dfab7aed9ca2a\",\"name\":\"Admin_capilae\",\"image\":{\"@type\":\"ImageObject\",\"inLanguage\":\"es\",\"@id\":\"https:\/\/www.capilae.es\/blog\/#\/schema\/person\/image\/\",\"url\":\"https:\/\/secure.gravatar.com\/avatar\/488c83d3df4f51db14c7dae37c008e2b772722231844b180843ec8eec93dc716?s=96&d=mm&r=g\",\"contentUrl\":\"https:\/\/secure.gravatar.com\/avatar\/488c83d3df4f51db14c7dae37c008e2b772722231844b180843ec8eec93dc716?s=96&d=mm&r=g\",\"caption\":\"Admin_capilae\"},\"url\":\"https:\/\/www.capilae.es\/blog\/author\/admin_capilae\"}]}<\/script>\n<!-- \/ Yoast SEO plugin. -->","yoast_head_json":{"title":"Al mes. - Blog de Capilae.es","robots":{"index":"index","follow":"follow","max-snippet":"max-snippet:-1","max-image-preview":"max-image-preview:large","max-video-preview":"max-video-preview:-1"},"canonical":"https:\/\/www.capilae.es\/blog\/100\/al-mes","og_locale":"es_ES","og_type":"article","og_title":"Al mes. - Blog de Capilae.es","og_description":"Hola: Despu\u00e9s de unos d\u00edas de vacaciones, con mucho cuidado para que no le de el sol a los injertos, estoy aqu\u00ed de nuevo, para mostrar los resultados al mes de mi cirug\u00eda de injerto capilar. Aqu\u00ed ten\u00e9is la foto de la parte frontal. Como veis, hay cierta disminuci\u00f3n de la densidad respecto a las [&hellip;]","og_url":"https:\/\/www.capilae.es\/blog\/100\/al-mes","og_site_name":"Blog de Capilae.es","article_publisher":"https:\/\/www.facebook.com\/pages\/Capilae-Cirug%c3%ada-de-Transplante-Capilar\/","article_published_time":"2011-09-05T14:33:19+00:00","article_modified_time":"2012-04-26T14:03:45+00:00","og_image":[{"url":"http:\/\/mitransplantedepelo.files.wordpress.com\/2011\/09\/dsc_0368.jpg?w=300"}],"author":"Admin_capilae","twitter_misc":{"Escrito por":"Admin_capilae","Tiempo de lectura":"1 minuto"},"schema":{"@context":"https:\/\/schema.org","@graph":[{"@type":"WebPage","@id":"https:\/\/www.capilae.es\/blog\/100\/al-mes","url":"https:\/\/www.capilae.es\/blog\/100\/al-mes","name":"Al mes. - Blog de Capilae.es","isPartOf":{"@id":"https:\/\/www.capilae.es\/blog\/#website"},"primaryImageOfPage":{"@id":"https:\/\/www.capilae.es\/blog\/100\/al-mes#primaryimage"},"image":{"@id":"https:\/\/www.capilae.es\/blog\/100\/al-mes#primaryimage"},"thumbnailUrl":"http:\/\/mitransplantedepelo.files.wordpress.com\/2011\/09\/dsc_0368.jpg?w=300","datePublished":"2011-09-05T14:33:19+00:00","dateModified":"2012-04-26T14:03:45+00:00","author":{"@id":"https:\/\/www.capilae.es\/blog\/#\/schema\/person\/c34b65e8c9ccb890ea9dfab7aed9ca2a"},"breadcrumb":{"@id":"https:\/\/www.capilae.es\/blog\/100\/al-mes#breadcrumb"},"inLanguage":"es","potentialAction":[{"@type":"ReadAction","target":["https:\/\/www.capilae.es\/blog\/100\/al-mes"]}]},{"@type":"ImageObject","inLanguage":"es","@id":"https:\/\/www.capilae.es\/blog\/100\/al-mes#primaryimage","url":"http:\/\/mitransplantedepelo.files.wordpress.com\/2011\/09\/dsc_0368.jpg?w=300","contentUrl":"http:\/\/mitransplantedepelo.files.wordpress.com\/2011\/09\/dsc_0368.jpg?w=300"},{"@type":"BreadcrumbList","@id":"https:\/\/www.capilae.es\/blog\/100\/al-mes#breadcrumb","itemListElement":[{"@type":"ListItem","position":1,"name":"Portada","item":"https:\/\/www.capilae.es\/blog"},{"@type":"ListItem","position":2,"name":"Al mes."}]},{"@type":"WebSite","@id":"https:\/\/www.capilae.es\/blog\/#website","url":"https:\/\/www.capilae.es\/blog\/","name":"Blog de Capilae.es","description":"Noticias sobre cirug\u00eda capilar y trasplante de pelo","potentialAction":[{"@type":"SearchAction","target":{"@type":"EntryPoint","urlTemplate":"https:\/\/www.capilae.es\/blog\/?s={search_term_string}"},"query-input":{"@type":"PropertyValueSpecification","valueRequired":true,"valueName":"search_term_string"}}],"inLanguage":"es"},{"@type":"Person","@id":"https:\/\/www.capilae.es\/blog\/#\/schema\/person\/c34b65e8c9ccb890ea9dfab7aed9ca2a","name":"Admin_capilae","image":{"@type":"ImageObject","inLanguage":"es","@id":"https:\/\/www.capilae.es\/blog\/#\/schema\/person\/image\/","url":"https:\/\/secure.gravatar.com\/avatar\/488c83d3df4f51db14c7dae37c008e2b772722231844b180843ec8eec93dc716?s=96&d=mm&r=g","contentUrl":"https:\/\/secure.gravatar.com\/avatar\/488c83d3df4f51db14c7dae37c008e2b772722231844b180843ec8eec93dc716?s=96&d=mm&r=g","caption":"Admin_capilae"},"url":"https:\/\/www.capilae.es\/blog\/author\/admin_capilae"}]}},"_links":{"self":[{"href":"https:\/\/www.capilae.es\/blog\/wp-json\/wp\/v2\/posts\/100","targetHints":{"allow":["GET"]}}],"collection":[{"href":"https:\/\/www.capilae.es\/blog\/wp-json\/wp\/v2\/posts"}],"about":[{"href":"https:\/\/www.capilae.es\/blog\/wp-json\/wp\/v2\/types\/post"}],"author":[{"embeddable":true,"href":"https:\/\/www.capilae.es\/blog\/wp-json\/wp\/v2\/users\/1"}],"replies":[{"embeddable":true,"href":"https:\/\/www.capilae.es\/blog\/wp-json\/wp\/v2\/comments?post=100"}],"version-history":[{"count":2,"href":"https:\/\/www.capilae.es\/blog\/wp-json\/wp\/v2\/posts\/100\/revisions"}],"predecessor-version":[{"id":825,"href":"https:\/\/www.capilae.es\/blog\/wp-json\/wp\/v2\/posts\/100\/revisions\/825"}],"wp:attachment":[{"href":"https:\/\/www.capilae.es\/blog\/wp-json\/wp\/v2\/media?parent=100"}],"wp:term":[{"taxonomy":"category","embeddable":true,"href":"https:\/\/www.capilae.es\/blog\/wp-json\/wp\/v2\/categories?post=100"},{"taxonomy":"post_tag","embeddable":true,"href":"https:\/\/www.capilae.es\/blog\/wp-json\/wp\/v2\/tags?post=100"}],"curies":[{"name":"wp","href":"https:\/\/api.w.org\/{rel}","templated":true}]}}