{"id":1058,"date":"2015-09-28T12:50:22","date_gmt":"2015-09-28T11:50:22","guid":{"rendered":"http:\/\/www.capilae.es\/blog\/?p=1058"},"modified":"2015-09-28T12:50:22","modified_gmt":"2015-09-28T11:50:22","slug":"el-dr-ruiz-invitado-a-dar-una-charla-en-el-congreso-de-la-ishrs","status":"publish","type":"post","link":"https:\/\/www.capilae.es\/blog\/1058\/el-dr-ruiz-invitado-a-dar-una-charla-en-el-congreso-de-la-ishrs","title":{"rendered":"El Dr Ruiz , invitado a dar una charla en el Congreso de la ISHRS"},"content":{"rendered":"<p>El Dr. Juan Ruiz Alconero, director M\u00e9dico de Capilae, ha presentado una ponencia en Ingl\u00e9s, en el Congreso anual de la ISHRS celebrado en Chicago a principios de Septiembre. <\/p>\n<p>Este congreso, el m\u00e1s prestigioso de los que se celebran a nivel mundial en Cirug\u00eda Capilar, acuden cerca de 1400 m\u00e9dicos de todo el mundo. <\/p>\n<p><a href=\"https:\/\/www.capilae.es\/blog\/wp-content\/uploads\/2015\/09\/IMG_4895-1.jpg\"><img loading=\"lazy\" decoding=\"async\" src=\"https:\/\/www.capilae.es\/blog\/wp-content\/uploads\/2015\/09\/IMG_4895-1-300x256.jpg\" alt=\"IMG_4895 (1)\" width=\"300\" height=\"256\" class=\"aligncenter size-medium wp-image-1059\" srcset=\"https:\/\/www.capilae.es\/blog\/wp-content\/uploads\/2015\/09\/IMG_4895-1-300x256.jpg 300w, https:\/\/www.capilae.es\/blog\/wp-content\/uploads\/2015\/09\/IMG_4895-1-1024x872.jpg 1024w, https:\/\/www.capilae.es\/blog\/wp-content\/uploads\/2015\/09\/IMG_4895-1-624x532.jpg 624w\" sizes=\"auto, (max-width: 300px) 100vw, 300px\" \/><\/a><\/p>\n<p>Es por ello un honor que nuestro director m\u00e9dico haya sido invitado a dar una ponencia, sobre todo cuando a lo largo de los \u00faltimos 10 a\u00f1os, s\u00f3lo 5 m\u00e9dicos espa\u00f1oles han sido invitados a darlo.<\/p>\n<p>La charla, sobre los efectos de la suplementaci\u00f3n de prote\u00ednas junto al ejercicio hipertr\u00f3fico en sala de pesas en los resultados de la cirug\u00eda capilar, provoc\u00f3 un intenso debate, y el Dr. Ruiz fue personalmente felicitado por dicha ponencia<\/p>\n","protected":false},"excerpt":{"rendered":"<p>El Dr. Juan Ruiz Alconero, director M\u00e9dico de Capilae, ha presentado una ponencia en Ingl\u00e9s, en el Congreso anual de la ISHRS celebrado en Chicago a principios de Septiembre. Este congreso, el m\u00e1s prestigioso de los que se celebran a nivel mundial en Cirug\u00eda Capilar, acuden cerca de 1400 m\u00e9dicos de todo el mundo. Es [&hellip;]<\/p>\n","protected":false},"author":1,"featured_media":0,"comment_status":"open","ping_status":"closed","sticky":false,"template":"","format":"standard","meta":{"footnotes":""},"categories":[93,75],"tags":[],"class_list":["post-1058","post","type-post","status-publish","format-standard","hentry","category-doctor-juan-ruiz-alconero","category-noticias"],"yoast_head":"<!-- This site is optimized with the Yoast SEO plugin v23.9 - https:\/\/yoast.com\/wordpress\/plugins\/seo\/ -->\n<title>El Dr Ruiz , invitado a dar una charla en el Congreso de la ISHRS - Blog de Capilae.es<\/title>\n<meta name=\"robots\" content=\"index, follow, max-snippet:-1, max-image-preview:large, max-video-preview:-1\" \/>\n<link rel=\"canonical\" href=\"https:\/\/www.capilae.es\/blog\/1058\/el-dr-ruiz-invitado-a-dar-una-charla-en-el-congreso-de-la-ishrs\" \/>\n<meta property=\"og:locale\" content=\"es_ES\" \/>\n<meta property=\"og:type\" content=\"article\" \/>\n<meta property=\"og:title\" content=\"El Dr Ruiz , invitado a dar una charla en el Congreso de la ISHRS - Blog de Capilae.es\" \/>\n<meta property=\"og:description\" content=\"El Dr. Juan Ruiz Alconero, director M\u00e9dico de Capilae, ha presentado una ponencia en Ingl\u00e9s, en el Congreso anual de la ISHRS celebrado en Chicago a principios de Septiembre. Este congreso, el m\u00e1s prestigioso de los que se celebran a nivel mundial en Cirug\u00eda Capilar, acuden cerca de 1400 m\u00e9dicos de todo el mundo. Es [&hellip;]\" \/>\n<meta property=\"og:url\" content=\"https:\/\/www.capilae.es\/blog\/1058\/el-dr-ruiz-invitado-a-dar-una-charla-en-el-congreso-de-la-ishrs\" \/>\n<meta property=\"og:site_name\" content=\"Blog de Capilae.es\" \/>\n<meta property=\"article:publisher\" content=\"https:\/\/www.facebook.com\/pages\/Capilae-Cirug%c3%ada-de-Transplante-Capilar\/\" \/>\n<meta property=\"article:published_time\" content=\"2015-09-28T11:50:22+00:00\" \/>\n<meta property=\"og:image\" content=\"https:\/\/www.capilae.es\/blog\/wp-content\/uploads\/2015\/09\/IMG_4895-1-300x256.jpg\" \/>\n<meta name=\"author\" content=\"Admin_capilae\" \/>\n<meta name=\"twitter:label1\" content=\"Escrito por\" \/>\n\t<meta name=\"twitter:data1\" content=\"Admin_capilae\" \/>\n\t<meta name=\"twitter:label2\" content=\"Tiempo de lectura\" \/>\n\t<meta name=\"twitter:data2\" content=\"1 minuto\" \/>\n<script type=\"application\/ld+json\" class=\"yoast-schema-graph\">{\"@context\":\"https:\/\/schema.org\",\"@graph\":[{\"@type\":\"WebPage\",\"@id\":\"https:\/\/www.capilae.es\/blog\/1058\/el-dr-ruiz-invitado-a-dar-una-charla-en-el-congreso-de-la-ishrs\",\"url\":\"https:\/\/www.capilae.es\/blog\/1058\/el-dr-ruiz-invitado-a-dar-una-charla-en-el-congreso-de-la-ishrs\",\"name\":\"El Dr Ruiz , invitado a dar una charla en el Congreso de la ISHRS - Blog de Capilae.es\",\"isPartOf\":{\"@id\":\"https:\/\/www.capilae.es\/blog\/#website\"},\"primaryImageOfPage\":{\"@id\":\"https:\/\/www.capilae.es\/blog\/1058\/el-dr-ruiz-invitado-a-dar-una-charla-en-el-congreso-de-la-ishrs#primaryimage\"},\"image\":{\"@id\":\"https:\/\/www.capilae.es\/blog\/1058\/el-dr-ruiz-invitado-a-dar-una-charla-en-el-congreso-de-la-ishrs#primaryimage\"},\"thumbnailUrl\":\"https:\/\/www.capilae.es\/blog\/wp-content\/uploads\/2015\/09\/IMG_4895-1-300x256.jpg\",\"datePublished\":\"2015-09-28T11:50:22+00:00\",\"dateModified\":\"2015-09-28T11:50:22+00:00\",\"author\":{\"@id\":\"https:\/\/www.capilae.es\/blog\/#\/schema\/person\/c34b65e8c9ccb890ea9dfab7aed9ca2a\"},\"breadcrumb\":{\"@id\":\"https:\/\/www.capilae.es\/blog\/1058\/el-dr-ruiz-invitado-a-dar-una-charla-en-el-congreso-de-la-ishrs#breadcrumb\"},\"inLanguage\":\"es\",\"potentialAction\":[{\"@type\":\"ReadAction\",\"target\":[\"https:\/\/www.capilae.es\/blog\/1058\/el-dr-ruiz-invitado-a-dar-una-charla-en-el-congreso-de-la-ishrs\"]}]},{\"@type\":\"ImageObject\",\"inLanguage\":\"es\",\"@id\":\"https:\/\/www.capilae.es\/blog\/1058\/el-dr-ruiz-invitado-a-dar-una-charla-en-el-congreso-de-la-ishrs#primaryimage\",\"url\":\"https:\/\/www.capilae.es\/blog\/wp-content\/uploads\/2015\/09\/IMG_4895-1.jpg\",\"contentUrl\":\"https:\/\/www.capilae.es\/blog\/wp-content\/uploads\/2015\/09\/IMG_4895-1.jpg\",\"width\":2874,\"height\":2448},{\"@type\":\"BreadcrumbList\",\"@id\":\"https:\/\/www.capilae.es\/blog\/1058\/el-dr-ruiz-invitado-a-dar-una-charla-en-el-congreso-de-la-ishrs#breadcrumb\",\"itemListElement\":[{\"@type\":\"ListItem\",\"position\":1,\"name\":\"Portada\",\"item\":\"https:\/\/www.capilae.es\/blog\"},{\"@type\":\"ListItem\",\"position\":2,\"name\":\"El Dr Ruiz , invitado a dar una charla en el Congreso de la ISHRS\"}]},{\"@type\":\"WebSite\",\"@id\":\"https:\/\/www.capilae.es\/blog\/#website\",\"url\":\"https:\/\/www.capilae.es\/blog\/\",\"name\":\"Blog de Capilae.es\",\"description\":\"Noticias sobre cirug\u00eda capilar y trasplante de pelo\",\"potentialAction\":[{\"@type\":\"SearchAction\",\"target\":{\"@type\":\"EntryPoint\",\"urlTemplate\":\"https:\/\/www.capilae.es\/blog\/?s={search_term_string}\"},\"query-input\":{\"@type\":\"PropertyValueSpecification\",\"valueRequired\":true,\"valueName\":\"search_term_string\"}}],\"inLanguage\":\"es\"},{\"@type\":\"Person\",\"@id\":\"https:\/\/www.capilae.es\/blog\/#\/schema\/person\/c34b65e8c9ccb890ea9dfab7aed9ca2a\",\"name\":\"Admin_capilae\",\"image\":{\"@type\":\"ImageObject\",\"inLanguage\":\"es\",\"@id\":\"https:\/\/www.capilae.es\/blog\/#\/schema\/person\/image\/\",\"url\":\"https:\/\/secure.gravatar.com\/avatar\/488c83d3df4f51db14c7dae37c008e2b772722231844b180843ec8eec93dc716?s=96&d=mm&r=g\",\"contentUrl\":\"https:\/\/secure.gravatar.com\/avatar\/488c83d3df4f51db14c7dae37c008e2b772722231844b180843ec8eec93dc716?s=96&d=mm&r=g\",\"caption\":\"Admin_capilae\"},\"url\":\"https:\/\/www.capilae.es\/blog\/author\/admin_capilae\"}]}<\/script>\n<!-- \/ Yoast SEO plugin. -->","yoast_head_json":{"title":"El Dr Ruiz , invitado a dar una charla en el Congreso de la ISHRS - Blog de Capilae.es","robots":{"index":"index","follow":"follow","max-snippet":"max-snippet:-1","max-image-preview":"max-image-preview:large","max-video-preview":"max-video-preview:-1"},"canonical":"https:\/\/www.capilae.es\/blog\/1058\/el-dr-ruiz-invitado-a-dar-una-charla-en-el-congreso-de-la-ishrs","og_locale":"es_ES","og_type":"article","og_title":"El Dr Ruiz , invitado a dar una charla en el Congreso de la ISHRS - Blog de Capilae.es","og_description":"El Dr. Juan Ruiz Alconero, director M\u00e9dico de Capilae, ha presentado una ponencia en Ingl\u00e9s, en el Congreso anual de la ISHRS celebrado en Chicago a principios de Septiembre. Este congreso, el m\u00e1s prestigioso de los que se celebran a nivel mundial en Cirug\u00eda Capilar, acuden cerca de 1400 m\u00e9dicos de todo el mundo. Es [&hellip;]","og_url":"https:\/\/www.capilae.es\/blog\/1058\/el-dr-ruiz-invitado-a-dar-una-charla-en-el-congreso-de-la-ishrs","og_site_name":"Blog de Capilae.es","article_publisher":"https:\/\/www.facebook.com\/pages\/Capilae-Cirug%c3%ada-de-Transplante-Capilar\/","article_published_time":"2015-09-28T11:50:22+00:00","og_image":[{"url":"https:\/\/www.capilae.es\/blog\/wp-content\/uploads\/2015\/09\/IMG_4895-1-300x256.jpg"}],"author":"Admin_capilae","twitter_misc":{"Escrito por":"Admin_capilae","Tiempo de lectura":"1 minuto"},"schema":{"@context":"https:\/\/schema.org","@graph":[{"@type":"WebPage","@id":"https:\/\/www.capilae.es\/blog\/1058\/el-dr-ruiz-invitado-a-dar-una-charla-en-el-congreso-de-la-ishrs","url":"https:\/\/www.capilae.es\/blog\/1058\/el-dr-ruiz-invitado-a-dar-una-charla-en-el-congreso-de-la-ishrs","name":"El Dr Ruiz , invitado a dar una charla en el Congreso de la ISHRS - Blog de Capilae.es","isPartOf":{"@id":"https:\/\/www.capilae.es\/blog\/#website"},"primaryImageOfPage":{"@id":"https:\/\/www.capilae.es\/blog\/1058\/el-dr-ruiz-invitado-a-dar-una-charla-en-el-congreso-de-la-ishrs#primaryimage"},"image":{"@id":"https:\/\/www.capilae.es\/blog\/1058\/el-dr-ruiz-invitado-a-dar-una-charla-en-el-congreso-de-la-ishrs#primaryimage"},"thumbnailUrl":"https:\/\/www.capilae.es\/blog\/wp-content\/uploads\/2015\/09\/IMG_4895-1-300x256.jpg","datePublished":"2015-09-28T11:50:22+00:00","dateModified":"2015-09-28T11:50:22+00:00","author":{"@id":"https:\/\/www.capilae.es\/blog\/#\/schema\/person\/c34b65e8c9ccb890ea9dfab7aed9ca2a"},"breadcrumb":{"@id":"https:\/\/www.capilae.es\/blog\/1058\/el-dr-ruiz-invitado-a-dar-una-charla-en-el-congreso-de-la-ishrs#breadcrumb"},"inLanguage":"es","potentialAction":[{"@type":"ReadAction","target":["https:\/\/www.capilae.es\/blog\/1058\/el-dr-ruiz-invitado-a-dar-una-charla-en-el-congreso-de-la-ishrs"]}]},{"@type":"ImageObject","inLanguage":"es","@id":"https:\/\/www.capilae.es\/blog\/1058\/el-dr-ruiz-invitado-a-dar-una-charla-en-el-congreso-de-la-ishrs#primaryimage","url":"https:\/\/www.capilae.es\/blog\/wp-content\/uploads\/2015\/09\/IMG_4895-1.jpg","contentUrl":"https:\/\/www.capilae.es\/blog\/wp-content\/uploads\/2015\/09\/IMG_4895-1.jpg","width":2874,"height":2448},{"@type":"BreadcrumbList","@id":"https:\/\/www.capilae.es\/blog\/1058\/el-dr-ruiz-invitado-a-dar-una-charla-en-el-congreso-de-la-ishrs#breadcrumb","itemListElement":[{"@type":"ListItem","position":1,"name":"Portada","item":"https:\/\/www.capilae.es\/blog"},{"@type":"ListItem","position":2,"name":"El Dr Ruiz , invitado a dar una charla en el Congreso de la ISHRS"}]},{"@type":"WebSite","@id":"https:\/\/www.capilae.es\/blog\/#website","url":"https:\/\/www.capilae.es\/blog\/","name":"Blog de Capilae.es","description":"Noticias sobre cirug\u00eda capilar y trasplante de pelo","potentialAction":[{"@type":"SearchAction","target":{"@type":"EntryPoint","urlTemplate":"https:\/\/www.capilae.es\/blog\/?s={search_term_string}"},"query-input":{"@type":"PropertyValueSpecification","valueRequired":true,"valueName":"search_term_string"}}],"inLanguage":"es"},{"@type":"Person","@id":"https:\/\/www.capilae.es\/blog\/#\/schema\/person\/c34b65e8c9ccb890ea9dfab7aed9ca2a","name":"Admin_capilae","image":{"@type":"ImageObject","inLanguage":"es","@id":"https:\/\/www.capilae.es\/blog\/#\/schema\/person\/image\/","url":"https:\/\/secure.gravatar.com\/avatar\/488c83d3df4f51db14c7dae37c008e2b772722231844b180843ec8eec93dc716?s=96&d=mm&r=g","contentUrl":"https:\/\/secure.gravatar.com\/avatar\/488c83d3df4f51db14c7dae37c008e2b772722231844b180843ec8eec93dc716?s=96&d=mm&r=g","caption":"Admin_capilae"},"url":"https:\/\/www.capilae.es\/blog\/author\/admin_capilae"}]}},"_links":{"self":[{"href":"https:\/\/www.capilae.es\/blog\/wp-json\/wp\/v2\/posts\/1058","targetHints":{"allow":["GET"]}}],"collection":[{"href":"https:\/\/www.capilae.es\/blog\/wp-json\/wp\/v2\/posts"}],"about":[{"href":"https:\/\/www.capilae.es\/blog\/wp-json\/wp\/v2\/types\/post"}],"author":[{"embeddable":true,"href":"https:\/\/www.capilae.es\/blog\/wp-json\/wp\/v2\/users\/1"}],"replies":[{"embeddable":true,"href":"https:\/\/www.capilae.es\/blog\/wp-json\/wp\/v2\/comments?post=1058"}],"version-history":[{"count":1,"href":"https:\/\/www.capilae.es\/blog\/wp-json\/wp\/v2\/posts\/1058\/revisions"}],"predecessor-version":[{"id":1060,"href":"https:\/\/www.capilae.es\/blog\/wp-json\/wp\/v2\/posts\/1058\/revisions\/1060"}],"wp:attachment":[{"href":"https:\/\/www.capilae.es\/blog\/wp-json\/wp\/v2\/media?parent=1058"}],"wp:term":[{"taxonomy":"category","embeddable":true,"href":"https:\/\/www.capilae.es\/blog\/wp-json\/wp\/v2\/categories?post=1058"},{"taxonomy":"post_tag","embeddable":true,"href":"https:\/\/www.capilae.es\/blog\/wp-json\/wp\/v2\/tags?post=1058"}],"curies":[{"name":"wp","href":"https:\/\/api.w.org\/{rel}","templated":true}]}}