{"id":111,"date":"2011-09-26T16:06:39","date_gmt":"2011-09-26T14:06:39","guid":{"rendered":"http:\/\/mitransplantedepelo.wordpress.com\/?p=111"},"modified":"2012-04-26T14:03:55","modified_gmt":"2012-04-26T14:03:55","slug":"y-las-celulas-madre","status":"publish","type":"post","link":"https:\/\/www.capilae.es\/blog\/111\/y-las-celulas-madre","title":{"rendered":"\u00bfY las c\u00e9lulas madre?"},"content":{"rendered":"<p>Este domingo desayunaba con El Pa\u00eds, y en el le\u00edan \u00e9ste art\u00edculo:<\/p>\n<p>http:\/\/www.elpais.com\/articulo\/sociedad\/Carrera\/medica\/busca\/crecepelo\/elpepusoc\/20110925elpepisoc_7\/Tes<\/p>\n<p>acerca del uso de las c\u00e9lulas madre en la p\u00e9rdida de pelo y su papel como factor importante de crecimiento en el fol\u00edculo.<\/p>\n<p>Cuando estos art\u00edculos aparecen en el peri\u00f3dico es normal que las consultas se llenen de personas intrigadas en estos tratamientos, creyendo que est\u00e1n ante la \u00faltima panacea.<\/p>\n<p>El problema es que estos art\u00edculos aparecen cuando las primeras fases de la investigaci\u00f3n est\u00e1n dando resultado, y siempre antes del inicio de las pruebas en humanos. Todo medicamento pasa por 4 fases en su desarrollo, y esto, suele llevar unos 8-10 a\u00f1os. De hecho, se calcula que s\u00f3lo el 1% de estas investigaciones acaban con un producto o t\u00e9cnica en el mercado.<\/p>\n<p>Es verdad que las c\u00e9lulas madres sean una de las soluciones m\u00e1s importantes en los a\u00f1os futuros para resolver muchos problemas de la medicina (y entre ellos la alopecia). El problema es que hasta ahora s\u00f3lo tenemos ensayos in vitro y en ratones. Te\u00f3ricamente, en ellas est\u00e1n muchas de las respuestas a esta patolog\u00eda, ya que es verdad que si algo se ha descubierto en la \u00faltima d\u00e9cada es la endiablada complejidad de regulaci\u00f3n celular que dirige los ciclos de crecimiento del pelo.<\/p>\n<p>Hace unos meses estuve en Barcelona, donde un prestigioso cirujano pl\u00e1stico, en a\u00fan m\u00e1s prestigioso hospital privado de la ciudad condal nos mostraba un posible protocolo de extracci\u00f3n de c\u00e9lulas madre, conservaci\u00f3n (fuera de Espa\u00f1a, parece ser que la legislaci\u00f3n espa\u00f1ola no permite su almacenamiento en territorio patrio) y posible uso, pero claro, sin ning\u00fan tipo de estudio previo o pruebas de seguridad (de hecho, se trataron a los propios m\u00e9dicos miembros del equipo de tan insigne doctor, supongo que el precio que hay que pagar por trabajar con cirujanos top&#8230;).<\/p>\n<p>En resumen&#8230; desgraciadamente a\u00fan falta bastante tiempo para poder si quiera conjeturar sobre el fecho y beneficios e estas posibles terapias. La Dra. Farjo, una de las principales investigadoras en cuanto a este tipo de terapias, coment\u00f3 en Amsterdam, en el congreso de la ISHRS, hace ya un par de a\u00f1os, que se estimaba que contar\u00edamos con estas terapias en unos 5 a\u00f1os, m\u00ednimo.<\/p>\n<p>Mientras tanto, y aunque nos duela a los profesionales que trabajamos en esto (y a\u00fan m\u00e1s a los pacientes), tendremos que continuar con los tratamientos actuales&#8230; el finasteride, el minoxidil, la mesoterapia y, por supuesto, la cirug\u00eda&#8230;<\/p>\n","protected":false},"excerpt":{"rendered":"<p>Este domingo desayunaba con El Pa\u00eds, y en el le\u00edan \u00e9ste art\u00edculo: http:\/\/www.elpais.com\/articulo\/sociedad\/Carrera\/medica\/busca\/crecepelo\/elpepusoc\/20110925elpepisoc_7\/Tes acerca del uso de las c\u00e9lulas madre en la p\u00e9rdida de pelo y su papel como factor importante de crecimiento en el fol\u00edculo. Cuando estos art\u00edculos aparecen en el peri\u00f3dico es normal que las consultas se llenen de personas intrigadas en estos [&hellip;]<\/p>\n","protected":false},"author":1,"featured_media":0,"comment_status":"open","ping_status":"closed","sticky":false,"template":"","format":"standard","meta":{"footnotes":""},"categories":[75],"tags":[71,72,73,56],"class_list":["post-111","post","type-post","status-publish","format-standard","hentry","category-noticias","tag-celulas-madre","tag-finasteride","tag-mesoterapia-capilar-crecimiento-del-foliculo","tag-minoxidil"],"yoast_head":"<!-- This site is optimized with the Yoast SEO plugin v23.9 - https:\/\/yoast.com\/wordpress\/plugins\/seo\/ -->\n<title>\u00bfY las c\u00e9lulas madre? - Blog de Capilae.es<\/title>\n<meta name=\"robots\" content=\"index, follow, max-snippet:-1, max-image-preview:large, max-video-preview:-1\" \/>\n<link rel=\"canonical\" href=\"https:\/\/www.capilae.es\/blog\/111\/y-las-celulas-madre\" \/>\n<meta property=\"og:locale\" content=\"es_ES\" \/>\n<meta property=\"og:type\" content=\"article\" \/>\n<meta property=\"og:title\" content=\"\u00bfY las c\u00e9lulas madre? - Blog de Capilae.es\" \/>\n<meta property=\"og:description\" content=\"Este domingo desayunaba con El Pa\u00eds, y en el le\u00edan \u00e9ste art\u00edculo: http:\/\/www.elpais.com\/articulo\/sociedad\/Carrera\/medica\/busca\/crecepelo\/elpepusoc\/20110925elpepisoc_7\/Tes acerca del uso de las c\u00e9lulas madre en la p\u00e9rdida de pelo y su papel como factor importante de crecimiento en el fol\u00edculo. Cuando estos art\u00edculos aparecen en el peri\u00f3dico es normal que las consultas se llenen de personas intrigadas en estos [&hellip;]\" \/>\n<meta property=\"og:url\" content=\"https:\/\/www.capilae.es\/blog\/111\/y-las-celulas-madre\" \/>\n<meta property=\"og:site_name\" content=\"Blog de Capilae.es\" \/>\n<meta property=\"article:publisher\" content=\"https:\/\/www.facebook.com\/pages\/Capilae-Cirug%c3%ada-de-Transplante-Capilar\/\" \/>\n<meta property=\"article:published_time\" content=\"2011-09-26T14:06:39+00:00\" \/>\n<meta property=\"article:modified_time\" content=\"2012-04-26T14:03:55+00:00\" \/>\n<meta name=\"author\" content=\"Admin_capilae\" \/>\n<meta name=\"twitter:label1\" content=\"Escrito por\" \/>\n\t<meta name=\"twitter:data1\" content=\"Admin_capilae\" \/>\n\t<meta name=\"twitter:label2\" content=\"Tiempo de lectura\" \/>\n\t<meta name=\"twitter:data2\" content=\"2 minutos\" \/>\n<script type=\"application\/ld+json\" class=\"yoast-schema-graph\">{\"@context\":\"https:\/\/schema.org\",\"@graph\":[{\"@type\":\"WebPage\",\"@id\":\"https:\/\/www.capilae.es\/blog\/111\/y-las-celulas-madre\",\"url\":\"https:\/\/www.capilae.es\/blog\/111\/y-las-celulas-madre\",\"name\":\"\u00bfY las c\u00e9lulas madre? - Blog de Capilae.es\",\"isPartOf\":{\"@id\":\"https:\/\/www.capilae.es\/blog\/#website\"},\"datePublished\":\"2011-09-26T14:06:39+00:00\",\"dateModified\":\"2012-04-26T14:03:55+00:00\",\"author\":{\"@id\":\"https:\/\/www.capilae.es\/blog\/#\/schema\/person\/c34b65e8c9ccb890ea9dfab7aed9ca2a\"},\"breadcrumb\":{\"@id\":\"https:\/\/www.capilae.es\/blog\/111\/y-las-celulas-madre#breadcrumb\"},\"inLanguage\":\"es\",\"potentialAction\":[{\"@type\":\"ReadAction\",\"target\":[\"https:\/\/www.capilae.es\/blog\/111\/y-las-celulas-madre\"]}]},{\"@type\":\"BreadcrumbList\",\"@id\":\"https:\/\/www.capilae.es\/blog\/111\/y-las-celulas-madre#breadcrumb\",\"itemListElement\":[{\"@type\":\"ListItem\",\"position\":1,\"name\":\"Portada\",\"item\":\"https:\/\/www.capilae.es\/blog\"},{\"@type\":\"ListItem\",\"position\":2,\"name\":\"\u00bfY las c\u00e9lulas madre?\"}]},{\"@type\":\"WebSite\",\"@id\":\"https:\/\/www.capilae.es\/blog\/#website\",\"url\":\"https:\/\/www.capilae.es\/blog\/\",\"name\":\"Blog de Capilae.es\",\"description\":\"Noticias sobre cirug\u00eda capilar y trasplante de pelo\",\"potentialAction\":[{\"@type\":\"SearchAction\",\"target\":{\"@type\":\"EntryPoint\",\"urlTemplate\":\"https:\/\/www.capilae.es\/blog\/?s={search_term_string}\"},\"query-input\":{\"@type\":\"PropertyValueSpecification\",\"valueRequired\":true,\"valueName\":\"search_term_string\"}}],\"inLanguage\":\"es\"},{\"@type\":\"Person\",\"@id\":\"https:\/\/www.capilae.es\/blog\/#\/schema\/person\/c34b65e8c9ccb890ea9dfab7aed9ca2a\",\"name\":\"Admin_capilae\",\"image\":{\"@type\":\"ImageObject\",\"inLanguage\":\"es\",\"@id\":\"https:\/\/www.capilae.es\/blog\/#\/schema\/person\/image\/\",\"url\":\"https:\/\/secure.gravatar.com\/avatar\/488c83d3df4f51db14c7dae37c008e2b772722231844b180843ec8eec93dc716?s=96&d=mm&r=g\",\"contentUrl\":\"https:\/\/secure.gravatar.com\/avatar\/488c83d3df4f51db14c7dae37c008e2b772722231844b180843ec8eec93dc716?s=96&d=mm&r=g\",\"caption\":\"Admin_capilae\"},\"url\":\"https:\/\/www.capilae.es\/blog\/author\/admin_capilae\"}]}<\/script>\n<!-- \/ Yoast SEO plugin. -->","yoast_head_json":{"title":"\u00bfY las c\u00e9lulas madre? - Blog de Capilae.es","robots":{"index":"index","follow":"follow","max-snippet":"max-snippet:-1","max-image-preview":"max-image-preview:large","max-video-preview":"max-video-preview:-1"},"canonical":"https:\/\/www.capilae.es\/blog\/111\/y-las-celulas-madre","og_locale":"es_ES","og_type":"article","og_title":"\u00bfY las c\u00e9lulas madre? - Blog de Capilae.es","og_description":"Este domingo desayunaba con El Pa\u00eds, y en el le\u00edan \u00e9ste art\u00edculo: http:\/\/www.elpais.com\/articulo\/sociedad\/Carrera\/medica\/busca\/crecepelo\/elpepusoc\/20110925elpepisoc_7\/Tes acerca del uso de las c\u00e9lulas madre en la p\u00e9rdida de pelo y su papel como factor importante de crecimiento en el fol\u00edculo. Cuando estos art\u00edculos aparecen en el peri\u00f3dico es normal que las consultas se llenen de personas intrigadas en estos [&hellip;]","og_url":"https:\/\/www.capilae.es\/blog\/111\/y-las-celulas-madre","og_site_name":"Blog de Capilae.es","article_publisher":"https:\/\/www.facebook.com\/pages\/Capilae-Cirug%c3%ada-de-Transplante-Capilar\/","article_published_time":"2011-09-26T14:06:39+00:00","article_modified_time":"2012-04-26T14:03:55+00:00","author":"Admin_capilae","twitter_misc":{"Escrito por":"Admin_capilae","Tiempo de lectura":"2 minutos"},"schema":{"@context":"https:\/\/schema.org","@graph":[{"@type":"WebPage","@id":"https:\/\/www.capilae.es\/blog\/111\/y-las-celulas-madre","url":"https:\/\/www.capilae.es\/blog\/111\/y-las-celulas-madre","name":"\u00bfY las c\u00e9lulas madre? - Blog de Capilae.es","isPartOf":{"@id":"https:\/\/www.capilae.es\/blog\/#website"},"datePublished":"2011-09-26T14:06:39+00:00","dateModified":"2012-04-26T14:03:55+00:00","author":{"@id":"https:\/\/www.capilae.es\/blog\/#\/schema\/person\/c34b65e8c9ccb890ea9dfab7aed9ca2a"},"breadcrumb":{"@id":"https:\/\/www.capilae.es\/blog\/111\/y-las-celulas-madre#breadcrumb"},"inLanguage":"es","potentialAction":[{"@type":"ReadAction","target":["https:\/\/www.capilae.es\/blog\/111\/y-las-celulas-madre"]}]},{"@type":"BreadcrumbList","@id":"https:\/\/www.capilae.es\/blog\/111\/y-las-celulas-madre#breadcrumb","itemListElement":[{"@type":"ListItem","position":1,"name":"Portada","item":"https:\/\/www.capilae.es\/blog"},{"@type":"ListItem","position":2,"name":"\u00bfY las c\u00e9lulas madre?"}]},{"@type":"WebSite","@id":"https:\/\/www.capilae.es\/blog\/#website","url":"https:\/\/www.capilae.es\/blog\/","name":"Blog de Capilae.es","description":"Noticias sobre cirug\u00eda capilar y trasplante de pelo","potentialAction":[{"@type":"SearchAction","target":{"@type":"EntryPoint","urlTemplate":"https:\/\/www.capilae.es\/blog\/?s={search_term_string}"},"query-input":{"@type":"PropertyValueSpecification","valueRequired":true,"valueName":"search_term_string"}}],"inLanguage":"es"},{"@type":"Person","@id":"https:\/\/www.capilae.es\/blog\/#\/schema\/person\/c34b65e8c9ccb890ea9dfab7aed9ca2a","name":"Admin_capilae","image":{"@type":"ImageObject","inLanguage":"es","@id":"https:\/\/www.capilae.es\/blog\/#\/schema\/person\/image\/","url":"https:\/\/secure.gravatar.com\/avatar\/488c83d3df4f51db14c7dae37c008e2b772722231844b180843ec8eec93dc716?s=96&d=mm&r=g","contentUrl":"https:\/\/secure.gravatar.com\/avatar\/488c83d3df4f51db14c7dae37c008e2b772722231844b180843ec8eec93dc716?s=96&d=mm&r=g","caption":"Admin_capilae"},"url":"https:\/\/www.capilae.es\/blog\/author\/admin_capilae"}]}},"_links":{"self":[{"href":"https:\/\/www.capilae.es\/blog\/wp-json\/wp\/v2\/posts\/111","targetHints":{"allow":["GET"]}}],"collection":[{"href":"https:\/\/www.capilae.es\/blog\/wp-json\/wp\/v2\/posts"}],"about":[{"href":"https:\/\/www.capilae.es\/blog\/wp-json\/wp\/v2\/types\/post"}],"author":[{"embeddable":true,"href":"https:\/\/www.capilae.es\/blog\/wp-json\/wp\/v2\/users\/1"}],"replies":[{"embeddable":true,"href":"https:\/\/www.capilae.es\/blog\/wp-json\/wp\/v2\/comments?post=111"}],"version-history":[{"count":2,"href":"https:\/\/www.capilae.es\/blog\/wp-json\/wp\/v2\/posts\/111\/revisions"}],"predecessor-version":[{"id":824,"href":"https:\/\/www.capilae.es\/blog\/wp-json\/wp\/v2\/posts\/111\/revisions\/824"}],"wp:attachment":[{"href":"https:\/\/www.capilae.es\/blog\/wp-json\/wp\/v2\/media?parent=111"}],"wp:term":[{"taxonomy":"category","embeddable":true,"href":"https:\/\/www.capilae.es\/blog\/wp-json\/wp\/v2\/categories?post=111"},{"taxonomy":"post_tag","embeddable":true,"href":"https:\/\/www.capilae.es\/blog\/wp-json\/wp\/v2\/tags?post=111"}],"curies":[{"name":"wp","href":"https:\/\/api.w.org\/{rel}","templated":true}]}}