{"id":1142,"date":"2018-01-29T10:01:13","date_gmt":"2018-01-29T09:01:13","guid":{"rendered":"http:\/\/www.capilae.es\/blog\/?p=1142"},"modified":"2018-01-29T10:01:13","modified_gmt":"2018-01-29T09:01:13","slug":"patron-femenino-1600-ufs-fue-6-meses-post-op-mas-3-sesiones-prp","status":"publish","type":"post","link":"https:\/\/www.capilae.es\/blog\/1142\/patron-femenino-1600-ufs-fue-6-meses-post-op-mas-3-sesiones-prp","title":{"rendered":"Patr\u00f3n Femenino. 1600 UFs. FUE. 6 meses post Op, m\u00e1s 3 sesiones PRP"},"content":{"rendered":"<p>Hay veces que, como m\u00e9dico, a uno le gusta equivocarse. Hace 7 meses acudi\u00f3 a mi consulta esta paciente, con un estado Ludwig III (el m\u00e1ximo), con una zona donante no muy all\u00e1. Top la expuse mis reticencias al posible resultado que podr\u00edamos esperar. Ella, al venir muy recomendada, quer\u00eda ponerse en mis manos s\u00ed o s\u00ed, haci\u00e9ndose responsable del resultado que obtuvi\u00e9ramos.<\/p>\n<p>7 meses despu\u00e9s de la intervenci\u00f3n, junto a 3 sesiones de Plasma Rico en Plaquetas, vemos que el resultado induce al optimismo. Ya que a\u00fan quedan meses de evoluci\u00f3n, y faltan las sesiones de l\u00e1ser de baja intensidad que complementen a la terapia no quir\u00fargica.<\/p>\n<p><a href=\"https:\/\/www.capilae.es\/blog\/wp-content\/uploads\/2018\/01\/L.A.D.001.jpeg\"><img loading=\"lazy\" decoding=\"async\" src=\"https:\/\/www.capilae.es\/blog\/wp-content\/uploads\/2018\/01\/L.A.D.001-300x225.jpeg\" alt=\"L.A.D.001\" width=\"300\" height=\"225\" class=\"aligncenter size-medium wp-image-1143\" srcset=\"https:\/\/www.capilae.es\/blog\/wp-content\/uploads\/2018\/01\/L.A.D.001-300x225.jpeg 300w, https:\/\/www.capilae.es\/blog\/wp-content\/uploads\/2018\/01\/L.A.D.001.jpeg 1024w, https:\/\/www.capilae.es\/blog\/wp-content\/uploads\/2018\/01\/L.A.D.001-624x468.jpeg 624w\" sizes=\"auto, (max-width: 300px) 100vw, 300px\" \/><\/a><\/p>\n","protected":false},"excerpt":{"rendered":"<p>Hay veces que, como m\u00e9dico, a uno le gusta equivocarse. Hace 7 meses acudi\u00f3 a mi consulta esta paciente, con un estado Ludwig III (el m\u00e1ximo), con una zona donante no muy all\u00e1. Top la expuse mis reticencias al posible resultado que podr\u00edamos esperar. Ella, al venir muy recomendada, quer\u00eda ponerse en mis manos s\u00ed [&hellip;]<\/p>\n","protected":false},"author":1,"featured_media":0,"comment_status":"open","ping_status":"closed","sticky":false,"template":"","format":"standard","meta":{"footnotes":""},"categories":[66,90,93,101],"tags":[36,115,12],"class_list":["post-1142","post","type-post","status-publish","format-standard","hentry","category-casos-de-exito","category-cirugia-fue","category-doctor-juan-ruiz-alconero","category-injerto-capilar","tag-capilae","tag-cirugia-capilar-turquia","tag-fue"],"yoast_head":"<!-- This site is optimized with the Yoast SEO plugin v23.9 - https:\/\/yoast.com\/wordpress\/plugins\/seo\/ -->\n<title>Patr\u00f3n Femenino. 1600 UFs. FUE. 6 meses post Op, m\u00e1s 3 sesiones PRP - Blog de Capilae.es<\/title>\n<meta name=\"robots\" content=\"index, follow, max-snippet:-1, max-image-preview:large, max-video-preview:-1\" \/>\n<link rel=\"canonical\" href=\"https:\/\/www.capilae.es\/blog\/1142\/patron-femenino-1600-ufs-fue-6-meses-post-op-mas-3-sesiones-prp\" \/>\n<meta property=\"og:locale\" content=\"es_ES\" \/>\n<meta property=\"og:type\" content=\"article\" \/>\n<meta property=\"og:title\" content=\"Patr\u00f3n Femenino. 1600 UFs. FUE. 6 meses post Op, m\u00e1s 3 sesiones PRP - Blog de Capilae.es\" \/>\n<meta property=\"og:description\" content=\"Hay veces que, como m\u00e9dico, a uno le gusta equivocarse. Hace 7 meses acudi\u00f3 a mi consulta esta paciente, con un estado Ludwig III (el m\u00e1ximo), con una zona donante no muy all\u00e1. Top la expuse mis reticencias al posible resultado que podr\u00edamos esperar. Ella, al venir muy recomendada, quer\u00eda ponerse en mis manos s\u00ed [&hellip;]\" \/>\n<meta property=\"og:url\" content=\"https:\/\/www.capilae.es\/blog\/1142\/patron-femenino-1600-ufs-fue-6-meses-post-op-mas-3-sesiones-prp\" \/>\n<meta property=\"og:site_name\" content=\"Blog de Capilae.es\" \/>\n<meta property=\"article:publisher\" content=\"https:\/\/www.facebook.com\/pages\/Capilae-Cirug%c3%ada-de-Transplante-Capilar\/\" \/>\n<meta property=\"article:published_time\" content=\"2018-01-29T09:01:13+00:00\" \/>\n<meta property=\"og:image\" content=\"https:\/\/www.capilae.es\/blog\/wp-content\/uploads\/2018\/01\/L.A.D.001-300x225.jpeg\" \/>\n<meta name=\"author\" content=\"Admin_capilae\" \/>\n<meta name=\"twitter:label1\" content=\"Escrito por\" \/>\n\t<meta name=\"twitter:data1\" content=\"Admin_capilae\" \/>\n\t<meta name=\"twitter:label2\" content=\"Tiempo de lectura\" \/>\n\t<meta name=\"twitter:data2\" content=\"1 minuto\" \/>\n<script type=\"application\/ld+json\" class=\"yoast-schema-graph\">{\"@context\":\"https:\/\/schema.org\",\"@graph\":[{\"@type\":\"WebPage\",\"@id\":\"https:\/\/www.capilae.es\/blog\/1142\/patron-femenino-1600-ufs-fue-6-meses-post-op-mas-3-sesiones-prp\",\"url\":\"https:\/\/www.capilae.es\/blog\/1142\/patron-femenino-1600-ufs-fue-6-meses-post-op-mas-3-sesiones-prp\",\"name\":\"Patr\u00f3n Femenino. 1600 UFs. FUE. 6 meses post Op, m\u00e1s 3 sesiones PRP - Blog de Capilae.es\",\"isPartOf\":{\"@id\":\"https:\/\/www.capilae.es\/blog\/#website\"},\"primaryImageOfPage\":{\"@id\":\"https:\/\/www.capilae.es\/blog\/1142\/patron-femenino-1600-ufs-fue-6-meses-post-op-mas-3-sesiones-prp#primaryimage\"},\"image\":{\"@id\":\"https:\/\/www.capilae.es\/blog\/1142\/patron-femenino-1600-ufs-fue-6-meses-post-op-mas-3-sesiones-prp#primaryimage\"},\"thumbnailUrl\":\"https:\/\/www.capilae.es\/blog\/wp-content\/uploads\/2018\/01\/L.A.D.001-300x225.jpeg\",\"datePublished\":\"2018-01-29T09:01:13+00:00\",\"dateModified\":\"2018-01-29T09:01:13+00:00\",\"author\":{\"@id\":\"https:\/\/www.capilae.es\/blog\/#\/schema\/person\/c34b65e8c9ccb890ea9dfab7aed9ca2a\"},\"breadcrumb\":{\"@id\":\"https:\/\/www.capilae.es\/blog\/1142\/patron-femenino-1600-ufs-fue-6-meses-post-op-mas-3-sesiones-prp#breadcrumb\"},\"inLanguage\":\"es\",\"potentialAction\":[{\"@type\":\"ReadAction\",\"target\":[\"https:\/\/www.capilae.es\/blog\/1142\/patron-femenino-1600-ufs-fue-6-meses-post-op-mas-3-sesiones-prp\"]}]},{\"@type\":\"ImageObject\",\"inLanguage\":\"es\",\"@id\":\"https:\/\/www.capilae.es\/blog\/1142\/patron-femenino-1600-ufs-fue-6-meses-post-op-mas-3-sesiones-prp#primaryimage\",\"url\":\"https:\/\/www.capilae.es\/blog\/wp-content\/uploads\/2018\/01\/L.A.D.001.jpeg\",\"contentUrl\":\"https:\/\/www.capilae.es\/blog\/wp-content\/uploads\/2018\/01\/L.A.D.001.jpeg\",\"width\":1024,\"height\":768},{\"@type\":\"BreadcrumbList\",\"@id\":\"https:\/\/www.capilae.es\/blog\/1142\/patron-femenino-1600-ufs-fue-6-meses-post-op-mas-3-sesiones-prp#breadcrumb\",\"itemListElement\":[{\"@type\":\"ListItem\",\"position\":1,\"name\":\"Portada\",\"item\":\"https:\/\/www.capilae.es\/blog\"},{\"@type\":\"ListItem\",\"position\":2,\"name\":\"Patr\u00f3n Femenino. 1600 UFs. FUE. 6 meses post Op, m\u00e1s 3 sesiones PRP\"}]},{\"@type\":\"WebSite\",\"@id\":\"https:\/\/www.capilae.es\/blog\/#website\",\"url\":\"https:\/\/www.capilae.es\/blog\/\",\"name\":\"Blog de Capilae.es\",\"description\":\"Noticias sobre cirug\u00eda capilar y trasplante de pelo\",\"potentialAction\":[{\"@type\":\"SearchAction\",\"target\":{\"@type\":\"EntryPoint\",\"urlTemplate\":\"https:\/\/www.capilae.es\/blog\/?s={search_term_string}\"},\"query-input\":{\"@type\":\"PropertyValueSpecification\",\"valueRequired\":true,\"valueName\":\"search_term_string\"}}],\"inLanguage\":\"es\"},{\"@type\":\"Person\",\"@id\":\"https:\/\/www.capilae.es\/blog\/#\/schema\/person\/c34b65e8c9ccb890ea9dfab7aed9ca2a\",\"name\":\"Admin_capilae\",\"image\":{\"@type\":\"ImageObject\",\"inLanguage\":\"es\",\"@id\":\"https:\/\/www.capilae.es\/blog\/#\/schema\/person\/image\/\",\"url\":\"https:\/\/secure.gravatar.com\/avatar\/488c83d3df4f51db14c7dae37c008e2b772722231844b180843ec8eec93dc716?s=96&d=mm&r=g\",\"contentUrl\":\"https:\/\/secure.gravatar.com\/avatar\/488c83d3df4f51db14c7dae37c008e2b772722231844b180843ec8eec93dc716?s=96&d=mm&r=g\",\"caption\":\"Admin_capilae\"},\"url\":\"https:\/\/www.capilae.es\/blog\/author\/admin_capilae\"}]}<\/script>\n<!-- \/ Yoast SEO plugin. -->","yoast_head_json":{"title":"Patr\u00f3n Femenino. 1600 UFs. FUE. 6 meses post Op, m\u00e1s 3 sesiones PRP - Blog de Capilae.es","robots":{"index":"index","follow":"follow","max-snippet":"max-snippet:-1","max-image-preview":"max-image-preview:large","max-video-preview":"max-video-preview:-1"},"canonical":"https:\/\/www.capilae.es\/blog\/1142\/patron-femenino-1600-ufs-fue-6-meses-post-op-mas-3-sesiones-prp","og_locale":"es_ES","og_type":"article","og_title":"Patr\u00f3n Femenino. 1600 UFs. FUE. 6 meses post Op, m\u00e1s 3 sesiones PRP - Blog de Capilae.es","og_description":"Hay veces que, como m\u00e9dico, a uno le gusta equivocarse. Hace 7 meses acudi\u00f3 a mi consulta esta paciente, con un estado Ludwig III (el m\u00e1ximo), con una zona donante no muy all\u00e1. Top la expuse mis reticencias al posible resultado que podr\u00edamos esperar. Ella, al venir muy recomendada, quer\u00eda ponerse en mis manos s\u00ed [&hellip;]","og_url":"https:\/\/www.capilae.es\/blog\/1142\/patron-femenino-1600-ufs-fue-6-meses-post-op-mas-3-sesiones-prp","og_site_name":"Blog de Capilae.es","article_publisher":"https:\/\/www.facebook.com\/pages\/Capilae-Cirug%c3%ada-de-Transplante-Capilar\/","article_published_time":"2018-01-29T09:01:13+00:00","og_image":[{"url":"https:\/\/www.capilae.es\/blog\/wp-content\/uploads\/2018\/01\/L.A.D.001-300x225.jpeg"}],"author":"Admin_capilae","twitter_misc":{"Escrito por":"Admin_capilae","Tiempo de lectura":"1 minuto"},"schema":{"@context":"https:\/\/schema.org","@graph":[{"@type":"WebPage","@id":"https:\/\/www.capilae.es\/blog\/1142\/patron-femenino-1600-ufs-fue-6-meses-post-op-mas-3-sesiones-prp","url":"https:\/\/www.capilae.es\/blog\/1142\/patron-femenino-1600-ufs-fue-6-meses-post-op-mas-3-sesiones-prp","name":"Patr\u00f3n Femenino. 1600 UFs. FUE. 6 meses post Op, m\u00e1s 3 sesiones PRP - Blog de Capilae.es","isPartOf":{"@id":"https:\/\/www.capilae.es\/blog\/#website"},"primaryImageOfPage":{"@id":"https:\/\/www.capilae.es\/blog\/1142\/patron-femenino-1600-ufs-fue-6-meses-post-op-mas-3-sesiones-prp#primaryimage"},"image":{"@id":"https:\/\/www.capilae.es\/blog\/1142\/patron-femenino-1600-ufs-fue-6-meses-post-op-mas-3-sesiones-prp#primaryimage"},"thumbnailUrl":"https:\/\/www.capilae.es\/blog\/wp-content\/uploads\/2018\/01\/L.A.D.001-300x225.jpeg","datePublished":"2018-01-29T09:01:13+00:00","dateModified":"2018-01-29T09:01:13+00:00","author":{"@id":"https:\/\/www.capilae.es\/blog\/#\/schema\/person\/c34b65e8c9ccb890ea9dfab7aed9ca2a"},"breadcrumb":{"@id":"https:\/\/www.capilae.es\/blog\/1142\/patron-femenino-1600-ufs-fue-6-meses-post-op-mas-3-sesiones-prp#breadcrumb"},"inLanguage":"es","potentialAction":[{"@type":"ReadAction","target":["https:\/\/www.capilae.es\/blog\/1142\/patron-femenino-1600-ufs-fue-6-meses-post-op-mas-3-sesiones-prp"]}]},{"@type":"ImageObject","inLanguage":"es","@id":"https:\/\/www.capilae.es\/blog\/1142\/patron-femenino-1600-ufs-fue-6-meses-post-op-mas-3-sesiones-prp#primaryimage","url":"https:\/\/www.capilae.es\/blog\/wp-content\/uploads\/2018\/01\/L.A.D.001.jpeg","contentUrl":"https:\/\/www.capilae.es\/blog\/wp-content\/uploads\/2018\/01\/L.A.D.001.jpeg","width":1024,"height":768},{"@type":"BreadcrumbList","@id":"https:\/\/www.capilae.es\/blog\/1142\/patron-femenino-1600-ufs-fue-6-meses-post-op-mas-3-sesiones-prp#breadcrumb","itemListElement":[{"@type":"ListItem","position":1,"name":"Portada","item":"https:\/\/www.capilae.es\/blog"},{"@type":"ListItem","position":2,"name":"Patr\u00f3n Femenino. 1600 UFs. FUE. 6 meses post Op, m\u00e1s 3 sesiones PRP"}]},{"@type":"WebSite","@id":"https:\/\/www.capilae.es\/blog\/#website","url":"https:\/\/www.capilae.es\/blog\/","name":"Blog de Capilae.es","description":"Noticias sobre cirug\u00eda capilar y trasplante de pelo","potentialAction":[{"@type":"SearchAction","target":{"@type":"EntryPoint","urlTemplate":"https:\/\/www.capilae.es\/blog\/?s={search_term_string}"},"query-input":{"@type":"PropertyValueSpecification","valueRequired":true,"valueName":"search_term_string"}}],"inLanguage":"es"},{"@type":"Person","@id":"https:\/\/www.capilae.es\/blog\/#\/schema\/person\/c34b65e8c9ccb890ea9dfab7aed9ca2a","name":"Admin_capilae","image":{"@type":"ImageObject","inLanguage":"es","@id":"https:\/\/www.capilae.es\/blog\/#\/schema\/person\/image\/","url":"https:\/\/secure.gravatar.com\/avatar\/488c83d3df4f51db14c7dae37c008e2b772722231844b180843ec8eec93dc716?s=96&d=mm&r=g","contentUrl":"https:\/\/secure.gravatar.com\/avatar\/488c83d3df4f51db14c7dae37c008e2b772722231844b180843ec8eec93dc716?s=96&d=mm&r=g","caption":"Admin_capilae"},"url":"https:\/\/www.capilae.es\/blog\/author\/admin_capilae"}]}},"_links":{"self":[{"href":"https:\/\/www.capilae.es\/blog\/wp-json\/wp\/v2\/posts\/1142","targetHints":{"allow":["GET"]}}],"collection":[{"href":"https:\/\/www.capilae.es\/blog\/wp-json\/wp\/v2\/posts"}],"about":[{"href":"https:\/\/www.capilae.es\/blog\/wp-json\/wp\/v2\/types\/post"}],"author":[{"embeddable":true,"href":"https:\/\/www.capilae.es\/blog\/wp-json\/wp\/v2\/users\/1"}],"replies":[{"embeddable":true,"href":"https:\/\/www.capilae.es\/blog\/wp-json\/wp\/v2\/comments?post=1142"}],"version-history":[{"count":1,"href":"https:\/\/www.capilae.es\/blog\/wp-json\/wp\/v2\/posts\/1142\/revisions"}],"predecessor-version":[{"id":1144,"href":"https:\/\/www.capilae.es\/blog\/wp-json\/wp\/v2\/posts\/1142\/revisions\/1144"}],"wp:attachment":[{"href":"https:\/\/www.capilae.es\/blog\/wp-json\/wp\/v2\/media?parent=1142"}],"wp:term":[{"taxonomy":"category","embeddable":true,"href":"https:\/\/www.capilae.es\/blog\/wp-json\/wp\/v2\/categories?post=1142"},{"taxonomy":"post_tag","embeddable":true,"href":"https:\/\/www.capilae.es\/blog\/wp-json\/wp\/v2\/tags?post=1142"}],"curies":[{"name":"wp","href":"https:\/\/api.w.org\/{rel}","templated":true}]}}