{"id":1145,"date":"2018-02-06T11:28:26","date_gmt":"2018-02-06T10:28:26","guid":{"rendered":"http:\/\/www.capilae.es\/blog\/?p=1145"},"modified":"2018-01-29T11:43:38","modified_gmt":"2018-01-29T10:43:38","slug":"del-diseno-al-resultado-2000-fs-fue-1-ano","status":"publish","type":"post","link":"https:\/\/www.capilae.es\/blog\/1145\/del-diseno-al-resultado-2000-fs-fue-1-ano","title":{"rendered":"Del dise\u00f1o al resultado. 2000 Fs. FUE. 1 a\u00f1o."},"content":{"rendered":"<p>Podemos ver la evoluci\u00f3n desde la primera consulta, al dise\u00f1o pre-quir\u00fargico, y los resultados al a\u00f1o. En el dise\u00f1o se valora las zonas de mayor densidad (1) y las zonas de menor densidad progresiva (2), y c\u00f3mo queda al a\u00f1o de la intervenci\u00f3n.<\/p>\n<p><a href=\"https:\/\/www.capilae.es\/blog\/wp-content\/uploads\/2018\/01\/Captura-de-pantalla-2018-01-29-a-las-11.19.20.png\"><img loading=\"lazy\" decoding=\"async\" src=\"https:\/\/www.capilae.es\/blog\/wp-content\/uploads\/2018\/01\/Captura-de-pantalla-2018-01-29-a-las-11.19.20-300x140.png\" alt=\"Captura de pantalla 2018-01-29 a las 11.19.20\" width=\"300\" height=\"140\" class=\"aligncenter size-medium wp-image-1146\" srcset=\"https:\/\/www.capilae.es\/blog\/wp-content\/uploads\/2018\/01\/Captura-de-pantalla-2018-01-29-a-las-11.19.20-300x140.png 300w, https:\/\/www.capilae.es\/blog\/wp-content\/uploads\/2018\/01\/Captura-de-pantalla-2018-01-29-a-las-11.19.20-1024x478.png 1024w, https:\/\/www.capilae.es\/blog\/wp-content\/uploads\/2018\/01\/Captura-de-pantalla-2018-01-29-a-las-11.19.20-624x291.png 624w, https:\/\/www.capilae.es\/blog\/wp-content\/uploads\/2018\/01\/Captura-de-pantalla-2018-01-29-a-las-11.19.20.png 1740w\" sizes=\"auto, (max-width: 300px) 100vw, 300px\" \/><\/a><\/p>\n<p><a href=\"https:\/\/www.capilae.es\/blog\/wp-content\/uploads\/2018\/01\/Captura-de-pantalla-2018-01-29-a-las-11.21.36.png\"><img loading=\"lazy\" decoding=\"async\" src=\"https:\/\/www.capilae.es\/blog\/wp-content\/uploads\/2018\/01\/Captura-de-pantalla-2018-01-29-a-las-11.21.36-300x243.png\" alt=\"Captura de pantalla 2018-01-29 a las 11.21.36\" width=\"300\" height=\"243\" class=\"aligncenter size-medium wp-image-1147\" srcset=\"https:\/\/www.capilae.es\/blog\/wp-content\/uploads\/2018\/01\/Captura-de-pantalla-2018-01-29-a-las-11.21.36-300x243.png 300w, https:\/\/www.capilae.es\/blog\/wp-content\/uploads\/2018\/01\/Captura-de-pantalla-2018-01-29-a-las-11.21.36-1024x829.png 1024w, https:\/\/www.capilae.es\/blog\/wp-content\/uploads\/2018\/01\/Captura-de-pantalla-2018-01-29-a-las-11.21.36-624x505.png 624w, https:\/\/www.capilae.es\/blog\/wp-content\/uploads\/2018\/01\/Captura-de-pantalla-2018-01-29-a-las-11.21.36.png 1700w\" sizes=\"auto, (max-width: 300px) 100vw, 300px\" \/><\/a><\/p>\n","protected":false},"excerpt":{"rendered":"<p>Podemos ver la evoluci\u00f3n desde la primera consulta, al dise\u00f1o pre-quir\u00fargico, y los resultados al a\u00f1o. En el dise\u00f1o se valora las zonas de mayor densidad (1) y las zonas de menor densidad progresiva (2), y c\u00f3mo queda al a\u00f1o de la intervenci\u00f3n.<\/p>\n","protected":false},"author":1,"featured_media":0,"comment_status":"open","ping_status":"closed","sticky":false,"template":"","format":"standard","meta":{"footnotes":""},"categories":[66,88,90,93],"tags":[36,94,12,113],"class_list":["post-1145","post","type-post","status-publish","format-standard","hentry","category-casos-de-exito","category-cirugia-capilar-2","category-cirugia-fue","category-doctor-juan-ruiz-alconero","tag-capilae","tag-dr-ruiz","tag-fue","tag-turquia"],"yoast_head":"<!-- This site is optimized with the Yoast SEO plugin v23.9 - https:\/\/yoast.com\/wordpress\/plugins\/seo\/ -->\n<title>Del dise\u00f1o al resultado. 2000 Fs. FUE. 1 a\u00f1o. - Blog de Capilae.es<\/title>\n<meta name=\"robots\" content=\"index, follow, max-snippet:-1, max-image-preview:large, max-video-preview:-1\" \/>\n<link rel=\"canonical\" href=\"https:\/\/www.capilae.es\/blog\/1145\/del-diseno-al-resultado-2000-fs-fue-1-ano\" \/>\n<meta property=\"og:locale\" content=\"es_ES\" \/>\n<meta property=\"og:type\" content=\"article\" \/>\n<meta property=\"og:title\" content=\"Del dise\u00f1o al resultado. 2000 Fs. FUE. 1 a\u00f1o. - Blog de Capilae.es\" \/>\n<meta property=\"og:description\" content=\"Podemos ver la evoluci\u00f3n desde la primera consulta, al dise\u00f1o pre-quir\u00fargico, y los resultados al a\u00f1o. En el dise\u00f1o se valora las zonas de mayor densidad (1) y las zonas de menor densidad progresiva (2), y c\u00f3mo queda al a\u00f1o de la intervenci\u00f3n.\" \/>\n<meta property=\"og:url\" content=\"https:\/\/www.capilae.es\/blog\/1145\/del-diseno-al-resultado-2000-fs-fue-1-ano\" \/>\n<meta property=\"og:site_name\" content=\"Blog de Capilae.es\" \/>\n<meta property=\"article:publisher\" content=\"https:\/\/www.facebook.com\/pages\/Capilae-Cirug%c3%ada-de-Transplante-Capilar\/\" \/>\n<meta property=\"article:published_time\" content=\"2018-02-06T10:28:26+00:00\" \/>\n<meta property=\"article:modified_time\" content=\"2018-01-29T10:43:38+00:00\" \/>\n<meta property=\"og:image\" content=\"https:\/\/www.capilae.es\/blog\/wp-content\/uploads\/2018\/01\/Captura-de-pantalla-2018-01-29-a-las-11.19.20-300x140.png\" \/>\n<meta name=\"author\" content=\"Admin_capilae\" \/>\n<meta name=\"twitter:label1\" content=\"Escrito por\" \/>\n\t<meta name=\"twitter:data1\" content=\"Admin_capilae\" \/>\n<script type=\"application\/ld+json\" class=\"yoast-schema-graph\">{\"@context\":\"https:\/\/schema.org\",\"@graph\":[{\"@type\":\"WebPage\",\"@id\":\"https:\/\/www.capilae.es\/blog\/1145\/del-diseno-al-resultado-2000-fs-fue-1-ano\",\"url\":\"https:\/\/www.capilae.es\/blog\/1145\/del-diseno-al-resultado-2000-fs-fue-1-ano\",\"name\":\"Del dise\u00f1o al resultado. 2000 Fs. FUE. 1 a\u00f1o. - Blog de Capilae.es\",\"isPartOf\":{\"@id\":\"https:\/\/www.capilae.es\/blog\/#website\"},\"primaryImageOfPage\":{\"@id\":\"https:\/\/www.capilae.es\/blog\/1145\/del-diseno-al-resultado-2000-fs-fue-1-ano#primaryimage\"},\"image\":{\"@id\":\"https:\/\/www.capilae.es\/blog\/1145\/del-diseno-al-resultado-2000-fs-fue-1-ano#primaryimage\"},\"thumbnailUrl\":\"https:\/\/www.capilae.es\/blog\/wp-content\/uploads\/2018\/01\/Captura-de-pantalla-2018-01-29-a-las-11.19.20-300x140.png\",\"datePublished\":\"2018-02-06T10:28:26+00:00\",\"dateModified\":\"2018-01-29T10:43:38+00:00\",\"author\":{\"@id\":\"https:\/\/www.capilae.es\/blog\/#\/schema\/person\/c34b65e8c9ccb890ea9dfab7aed9ca2a\"},\"breadcrumb\":{\"@id\":\"https:\/\/www.capilae.es\/blog\/1145\/del-diseno-al-resultado-2000-fs-fue-1-ano#breadcrumb\"},\"inLanguage\":\"es\",\"potentialAction\":[{\"@type\":\"ReadAction\",\"target\":[\"https:\/\/www.capilae.es\/blog\/1145\/del-diseno-al-resultado-2000-fs-fue-1-ano\"]}]},{\"@type\":\"ImageObject\",\"inLanguage\":\"es\",\"@id\":\"https:\/\/www.capilae.es\/blog\/1145\/del-diseno-al-resultado-2000-fs-fue-1-ano#primaryimage\",\"url\":\"https:\/\/www.capilae.es\/blog\/wp-content\/uploads\/2018\/01\/Captura-de-pantalla-2018-01-29-a-las-11.19.20.png\",\"contentUrl\":\"https:\/\/www.capilae.es\/blog\/wp-content\/uploads\/2018\/01\/Captura-de-pantalla-2018-01-29-a-las-11.19.20.png\",\"width\":1740,\"height\":812},{\"@type\":\"BreadcrumbList\",\"@id\":\"https:\/\/www.capilae.es\/blog\/1145\/del-diseno-al-resultado-2000-fs-fue-1-ano#breadcrumb\",\"itemListElement\":[{\"@type\":\"ListItem\",\"position\":1,\"name\":\"Portada\",\"item\":\"https:\/\/www.capilae.es\/blog\"},{\"@type\":\"ListItem\",\"position\":2,\"name\":\"Del dise\u00f1o al resultado. 2000 Fs. FUE. 1 a\u00f1o.\"}]},{\"@type\":\"WebSite\",\"@id\":\"https:\/\/www.capilae.es\/blog\/#website\",\"url\":\"https:\/\/www.capilae.es\/blog\/\",\"name\":\"Blog de Capilae.es\",\"description\":\"Noticias sobre cirug\u00eda capilar y trasplante de pelo\",\"potentialAction\":[{\"@type\":\"SearchAction\",\"target\":{\"@type\":\"EntryPoint\",\"urlTemplate\":\"https:\/\/www.capilae.es\/blog\/?s={search_term_string}\"},\"query-input\":{\"@type\":\"PropertyValueSpecification\",\"valueRequired\":true,\"valueName\":\"search_term_string\"}}],\"inLanguage\":\"es\"},{\"@type\":\"Person\",\"@id\":\"https:\/\/www.capilae.es\/blog\/#\/schema\/person\/c34b65e8c9ccb890ea9dfab7aed9ca2a\",\"name\":\"Admin_capilae\",\"image\":{\"@type\":\"ImageObject\",\"inLanguage\":\"es\",\"@id\":\"https:\/\/www.capilae.es\/blog\/#\/schema\/person\/image\/\",\"url\":\"https:\/\/secure.gravatar.com\/avatar\/488c83d3df4f51db14c7dae37c008e2b772722231844b180843ec8eec93dc716?s=96&d=mm&r=g\",\"contentUrl\":\"https:\/\/secure.gravatar.com\/avatar\/488c83d3df4f51db14c7dae37c008e2b772722231844b180843ec8eec93dc716?s=96&d=mm&r=g\",\"caption\":\"Admin_capilae\"},\"url\":\"https:\/\/www.capilae.es\/blog\/author\/admin_capilae\"}]}<\/script>\n<!-- \/ Yoast SEO plugin. -->","yoast_head_json":{"title":"Del dise\u00f1o al resultado. 2000 Fs. FUE. 1 a\u00f1o. - Blog de Capilae.es","robots":{"index":"index","follow":"follow","max-snippet":"max-snippet:-1","max-image-preview":"max-image-preview:large","max-video-preview":"max-video-preview:-1"},"canonical":"https:\/\/www.capilae.es\/blog\/1145\/del-diseno-al-resultado-2000-fs-fue-1-ano","og_locale":"es_ES","og_type":"article","og_title":"Del dise\u00f1o al resultado. 2000 Fs. FUE. 1 a\u00f1o. - Blog de Capilae.es","og_description":"Podemos ver la evoluci\u00f3n desde la primera consulta, al dise\u00f1o pre-quir\u00fargico, y los resultados al a\u00f1o. En el dise\u00f1o se valora las zonas de mayor densidad (1) y las zonas de menor densidad progresiva (2), y c\u00f3mo queda al a\u00f1o de la intervenci\u00f3n.","og_url":"https:\/\/www.capilae.es\/blog\/1145\/del-diseno-al-resultado-2000-fs-fue-1-ano","og_site_name":"Blog de Capilae.es","article_publisher":"https:\/\/www.facebook.com\/pages\/Capilae-Cirug%c3%ada-de-Transplante-Capilar\/","article_published_time":"2018-02-06T10:28:26+00:00","article_modified_time":"2018-01-29T10:43:38+00:00","og_image":[{"url":"https:\/\/www.capilae.es\/blog\/wp-content\/uploads\/2018\/01\/Captura-de-pantalla-2018-01-29-a-las-11.19.20-300x140.png"}],"author":"Admin_capilae","twitter_misc":{"Escrito por":"Admin_capilae"},"schema":{"@context":"https:\/\/schema.org","@graph":[{"@type":"WebPage","@id":"https:\/\/www.capilae.es\/blog\/1145\/del-diseno-al-resultado-2000-fs-fue-1-ano","url":"https:\/\/www.capilae.es\/blog\/1145\/del-diseno-al-resultado-2000-fs-fue-1-ano","name":"Del dise\u00f1o al resultado. 2000 Fs. FUE. 1 a\u00f1o. - Blog de Capilae.es","isPartOf":{"@id":"https:\/\/www.capilae.es\/blog\/#website"},"primaryImageOfPage":{"@id":"https:\/\/www.capilae.es\/blog\/1145\/del-diseno-al-resultado-2000-fs-fue-1-ano#primaryimage"},"image":{"@id":"https:\/\/www.capilae.es\/blog\/1145\/del-diseno-al-resultado-2000-fs-fue-1-ano#primaryimage"},"thumbnailUrl":"https:\/\/www.capilae.es\/blog\/wp-content\/uploads\/2018\/01\/Captura-de-pantalla-2018-01-29-a-las-11.19.20-300x140.png","datePublished":"2018-02-06T10:28:26+00:00","dateModified":"2018-01-29T10:43:38+00:00","author":{"@id":"https:\/\/www.capilae.es\/blog\/#\/schema\/person\/c34b65e8c9ccb890ea9dfab7aed9ca2a"},"breadcrumb":{"@id":"https:\/\/www.capilae.es\/blog\/1145\/del-diseno-al-resultado-2000-fs-fue-1-ano#breadcrumb"},"inLanguage":"es","potentialAction":[{"@type":"ReadAction","target":["https:\/\/www.capilae.es\/blog\/1145\/del-diseno-al-resultado-2000-fs-fue-1-ano"]}]},{"@type":"ImageObject","inLanguage":"es","@id":"https:\/\/www.capilae.es\/blog\/1145\/del-diseno-al-resultado-2000-fs-fue-1-ano#primaryimage","url":"https:\/\/www.capilae.es\/blog\/wp-content\/uploads\/2018\/01\/Captura-de-pantalla-2018-01-29-a-las-11.19.20.png","contentUrl":"https:\/\/www.capilae.es\/blog\/wp-content\/uploads\/2018\/01\/Captura-de-pantalla-2018-01-29-a-las-11.19.20.png","width":1740,"height":812},{"@type":"BreadcrumbList","@id":"https:\/\/www.capilae.es\/blog\/1145\/del-diseno-al-resultado-2000-fs-fue-1-ano#breadcrumb","itemListElement":[{"@type":"ListItem","position":1,"name":"Portada","item":"https:\/\/www.capilae.es\/blog"},{"@type":"ListItem","position":2,"name":"Del dise\u00f1o al resultado. 2000 Fs. FUE. 1 a\u00f1o."}]},{"@type":"WebSite","@id":"https:\/\/www.capilae.es\/blog\/#website","url":"https:\/\/www.capilae.es\/blog\/","name":"Blog de Capilae.es","description":"Noticias sobre cirug\u00eda capilar y trasplante de pelo","potentialAction":[{"@type":"SearchAction","target":{"@type":"EntryPoint","urlTemplate":"https:\/\/www.capilae.es\/blog\/?s={search_term_string}"},"query-input":{"@type":"PropertyValueSpecification","valueRequired":true,"valueName":"search_term_string"}}],"inLanguage":"es"},{"@type":"Person","@id":"https:\/\/www.capilae.es\/blog\/#\/schema\/person\/c34b65e8c9ccb890ea9dfab7aed9ca2a","name":"Admin_capilae","image":{"@type":"ImageObject","inLanguage":"es","@id":"https:\/\/www.capilae.es\/blog\/#\/schema\/person\/image\/","url":"https:\/\/secure.gravatar.com\/avatar\/488c83d3df4f51db14c7dae37c008e2b772722231844b180843ec8eec93dc716?s=96&d=mm&r=g","contentUrl":"https:\/\/secure.gravatar.com\/avatar\/488c83d3df4f51db14c7dae37c008e2b772722231844b180843ec8eec93dc716?s=96&d=mm&r=g","caption":"Admin_capilae"},"url":"https:\/\/www.capilae.es\/blog\/author\/admin_capilae"}]}},"_links":{"self":[{"href":"https:\/\/www.capilae.es\/blog\/wp-json\/wp\/v2\/posts\/1145","targetHints":{"allow":["GET"]}}],"collection":[{"href":"https:\/\/www.capilae.es\/blog\/wp-json\/wp\/v2\/posts"}],"about":[{"href":"https:\/\/www.capilae.es\/blog\/wp-json\/wp\/v2\/types\/post"}],"author":[{"embeddable":true,"href":"https:\/\/www.capilae.es\/blog\/wp-json\/wp\/v2\/users\/1"}],"replies":[{"embeddable":true,"href":"https:\/\/www.capilae.es\/blog\/wp-json\/wp\/v2\/comments?post=1145"}],"version-history":[{"count":1,"href":"https:\/\/www.capilae.es\/blog\/wp-json\/wp\/v2\/posts\/1145\/revisions"}],"predecessor-version":[{"id":1148,"href":"https:\/\/www.capilae.es\/blog\/wp-json\/wp\/v2\/posts\/1145\/revisions\/1148"}],"wp:attachment":[{"href":"https:\/\/www.capilae.es\/blog\/wp-json\/wp\/v2\/media?parent=1145"}],"wp:term":[{"taxonomy":"category","embeddable":true,"href":"https:\/\/www.capilae.es\/blog\/wp-json\/wp\/v2\/categories?post=1145"},{"taxonomy":"post_tag","embeddable":true,"href":"https:\/\/www.capilae.es\/blog\/wp-json\/wp\/v2\/tags?post=1145"}],"curies":[{"name":"wp","href":"https:\/\/api.w.org\/{rel}","templated":true}]}}