{"id":1160,"date":"2018-04-16T10:23:20","date_gmt":"2018-04-16T09:23:20","guid":{"rendered":"http:\/\/www.capilae.es\/blog\/?p=1160"},"modified":"2018-04-16T10:23:20","modified_gmt":"2018-04-16T09:23:20","slug":"nuevas-instalaciones-de-capilae-en-la-calle-viriato","status":"publish","type":"post","link":"https:\/\/www.capilae.es\/blog\/1160\/nuevas-instalaciones-de-capilae-en-la-calle-viriato","title":{"rendered":"NUEVAS INSTALACIONES DE CAPILAE EN LA CALLE VIRIATO"},"content":{"rendered":"<p>la direcci\u00f3n e Capilae tiene el placer de informarle de la apertura del nuevo centro de Capilae en Madrid. Con 2 quir\u00f3fanos nuevos y modernos, 3 despachos, 1 sala de l\u00e1ser capilar, y 2 confortable habitaciones de estar para el paciente, podemos ofrecerle todo lo necesario para el Diagn\u00f3stico, prevenci\u00f3n y tratamiento de su alopecia, ya sea por medios m\u00e9dicos o quir\u00fargicos a unos precios incre\u00edbles.<a href=\"https:\/\/www.capilae.es\/blog\/wp-content\/uploads\/2018\/04\/IMG_0637.jpg\"><img loading=\"lazy\" decoding=\"async\" src=\"https:\/\/www.capilae.es\/blog\/wp-content\/uploads\/2018\/04\/IMG_0637-300x225.jpg\" alt=\"IMG_0637\" width=\"300\" height=\"225\" class=\"aligncenter size-medium wp-image-1161\" srcset=\"https:\/\/www.capilae.es\/blog\/wp-content\/uploads\/2018\/04\/IMG_0637-300x225.jpg 300w, https:\/\/www.capilae.es\/blog\/wp-content\/uploads\/2018\/04\/IMG_0637-1024x768.jpg 1024w, https:\/\/www.capilae.es\/blog\/wp-content\/uploads\/2018\/04\/IMG_0637-624x468.jpg 624w\" sizes=\"auto, (max-width: 300px) 100vw, 300px\" \/><\/a><\/p>\n<p><a href=\"https:\/\/www.capilae.es\/blog\/wp-content\/uploads\/2018\/04\/IMG_0399.jpg\"><img loading=\"lazy\" decoding=\"async\" src=\"https:\/\/www.capilae.es\/blog\/wp-content\/uploads\/2018\/04\/IMG_0399-300x225.jpg\" alt=\"IMG_0399\" width=\"300\" height=\"225\" class=\"aligncenter size-medium wp-image-1162\" srcset=\"https:\/\/www.capilae.es\/blog\/wp-content\/uploads\/2018\/04\/IMG_0399-300x225.jpg 300w, https:\/\/www.capilae.es\/blog\/wp-content\/uploads\/2018\/04\/IMG_0399-1024x768.jpg 1024w, https:\/\/www.capilae.es\/blog\/wp-content\/uploads\/2018\/04\/IMG_0399-624x468.jpg 624w\" sizes=\"auto, (max-width: 300px) 100vw, 300px\" \/><\/a><\/p>\n<p><a href=\"https:\/\/www.capilae.es\/blog\/wp-content\/uploads\/2018\/04\/IMG_0378.jpg\"><img loading=\"lazy\" decoding=\"async\" src=\"https:\/\/www.capilae.es\/blog\/wp-content\/uploads\/2018\/04\/IMG_0378-300x225.jpg\" alt=\"IMG_0378\" width=\"300\" height=\"225\" class=\"aligncenter size-medium wp-image-1163\" srcset=\"https:\/\/www.capilae.es\/blog\/wp-content\/uploads\/2018\/04\/IMG_0378-300x225.jpg 300w, https:\/\/www.capilae.es\/blog\/wp-content\/uploads\/2018\/04\/IMG_0378-1024x768.jpg 1024w, https:\/\/www.capilae.es\/blog\/wp-content\/uploads\/2018\/04\/IMG_0378-624x468.jpg 624w\" sizes=\"auto, (max-width: 300px) 100vw, 300px\" \/><\/a><\/p>\n<p><a href=\"https:\/\/www.capilae.es\/blog\/wp-content\/uploads\/2018\/04\/IMG_0636.jpg\"><img loading=\"lazy\" decoding=\"async\" src=\"https:\/\/www.capilae.es\/blog\/wp-content\/uploads\/2018\/04\/IMG_0636-300x225.jpg\" alt=\"IMG_0636\" width=\"300\" height=\"225\" class=\"aligncenter size-medium wp-image-1164\" srcset=\"https:\/\/www.capilae.es\/blog\/wp-content\/uploads\/2018\/04\/IMG_0636-300x225.jpg 300w, https:\/\/www.capilae.es\/blog\/wp-content\/uploads\/2018\/04\/IMG_0636-1024x768.jpg 1024w, https:\/\/www.capilae.es\/blog\/wp-content\/uploads\/2018\/04\/IMG_0636-624x468.jpg 624w\" sizes=\"auto, (max-width: 300px) 100vw, 300px\" \/><\/a><\/p>\n","protected":false},"excerpt":{"rendered":"<p>la direcci\u00f3n e Capilae tiene el placer de informarle de la apertura del nuevo centro de Capilae en Madrid. Con 2 quir\u00f3fanos nuevos y modernos, 3 despachos, 1 sala de l\u00e1ser capilar, y 2 confortable habitaciones de estar para el paciente, podemos ofrecerle todo lo necesario para el Diagn\u00f3stico, prevenci\u00f3n y tratamiento de su alopecia, [&hellip;]<\/p>\n","protected":false},"author":1,"featured_media":0,"comment_status":"open","ping_status":"closed","sticky":false,"template":"","format":"standard","meta":{"footnotes":""},"categories":[93,75],"tags":[36,3,12,117],"class_list":["post-1160","post","type-post","status-publish","format-standard","hentry","category-doctor-juan-ruiz-alconero","category-noticias","tag-capilae","tag-cirugia-capilar","tag-fue","tag-trasplante-capilar"],"yoast_head":"<!-- This site is optimized with the Yoast SEO plugin v23.9 - https:\/\/yoast.com\/wordpress\/plugins\/seo\/ -->\n<title>NUEVAS INSTALACIONES DE CAPILAE EN LA CALLE VIRIATO - Blog de Capilae.es<\/title>\n<meta name=\"robots\" content=\"index, follow, max-snippet:-1, max-image-preview:large, max-video-preview:-1\" \/>\n<link rel=\"canonical\" href=\"https:\/\/www.capilae.es\/blog\/1160\/nuevas-instalaciones-de-capilae-en-la-calle-viriato\" \/>\n<meta property=\"og:locale\" content=\"es_ES\" \/>\n<meta property=\"og:type\" content=\"article\" \/>\n<meta property=\"og:title\" content=\"NUEVAS INSTALACIONES DE CAPILAE EN LA CALLE VIRIATO - Blog de Capilae.es\" \/>\n<meta property=\"og:description\" content=\"la direcci\u00f3n e Capilae tiene el placer de informarle de la apertura del nuevo centro de Capilae en Madrid. Con 2 quir\u00f3fanos nuevos y modernos, 3 despachos, 1 sala de l\u00e1ser capilar, y 2 confortable habitaciones de estar para el paciente, podemos ofrecerle todo lo necesario para el Diagn\u00f3stico, prevenci\u00f3n y tratamiento de su alopecia, [&hellip;]\" \/>\n<meta property=\"og:url\" content=\"https:\/\/www.capilae.es\/blog\/1160\/nuevas-instalaciones-de-capilae-en-la-calle-viriato\" \/>\n<meta property=\"og:site_name\" content=\"Blog de Capilae.es\" \/>\n<meta property=\"article:publisher\" content=\"https:\/\/www.facebook.com\/pages\/Capilae-Cirug%c3%ada-de-Transplante-Capilar\/\" \/>\n<meta property=\"article:published_time\" content=\"2018-04-16T09:23:20+00:00\" \/>\n<meta property=\"og:image\" content=\"https:\/\/www.capilae.es\/blog\/wp-content\/uploads\/2018\/04\/IMG_0637-300x225.jpg\" \/>\n<meta name=\"author\" content=\"Admin_capilae\" \/>\n<meta name=\"twitter:label1\" content=\"Escrito por\" \/>\n\t<meta name=\"twitter:data1\" content=\"Admin_capilae\" \/>\n<script type=\"application\/ld+json\" class=\"yoast-schema-graph\">{\"@context\":\"https:\/\/schema.org\",\"@graph\":[{\"@type\":\"WebPage\",\"@id\":\"https:\/\/www.capilae.es\/blog\/1160\/nuevas-instalaciones-de-capilae-en-la-calle-viriato\",\"url\":\"https:\/\/www.capilae.es\/blog\/1160\/nuevas-instalaciones-de-capilae-en-la-calle-viriato\",\"name\":\"NUEVAS INSTALACIONES DE CAPILAE EN LA CALLE VIRIATO - Blog de Capilae.es\",\"isPartOf\":{\"@id\":\"https:\/\/www.capilae.es\/blog\/#website\"},\"primaryImageOfPage\":{\"@id\":\"https:\/\/www.capilae.es\/blog\/1160\/nuevas-instalaciones-de-capilae-en-la-calle-viriato#primaryimage\"},\"image\":{\"@id\":\"https:\/\/www.capilae.es\/blog\/1160\/nuevas-instalaciones-de-capilae-en-la-calle-viriato#primaryimage\"},\"thumbnailUrl\":\"https:\/\/www.capilae.es\/blog\/wp-content\/uploads\/2018\/04\/IMG_0637-300x225.jpg\",\"datePublished\":\"2018-04-16T09:23:20+00:00\",\"dateModified\":\"2018-04-16T09:23:20+00:00\",\"author\":{\"@id\":\"https:\/\/www.capilae.es\/blog\/#\/schema\/person\/c34b65e8c9ccb890ea9dfab7aed9ca2a\"},\"breadcrumb\":{\"@id\":\"https:\/\/www.capilae.es\/blog\/1160\/nuevas-instalaciones-de-capilae-en-la-calle-viriato#breadcrumb\"},\"inLanguage\":\"es\",\"potentialAction\":[{\"@type\":\"ReadAction\",\"target\":[\"https:\/\/www.capilae.es\/blog\/1160\/nuevas-instalaciones-de-capilae-en-la-calle-viriato\"]}]},{\"@type\":\"ImageObject\",\"inLanguage\":\"es\",\"@id\":\"https:\/\/www.capilae.es\/blog\/1160\/nuevas-instalaciones-de-capilae-en-la-calle-viriato#primaryimage\",\"url\":\"https:\/\/www.capilae.es\/blog\/wp-content\/uploads\/2018\/04\/IMG_0637.jpg\",\"contentUrl\":\"https:\/\/www.capilae.es\/blog\/wp-content\/uploads\/2018\/04\/IMG_0637.jpg\",\"width\":4032,\"height\":3024},{\"@type\":\"BreadcrumbList\",\"@id\":\"https:\/\/www.capilae.es\/blog\/1160\/nuevas-instalaciones-de-capilae-en-la-calle-viriato#breadcrumb\",\"itemListElement\":[{\"@type\":\"ListItem\",\"position\":1,\"name\":\"Portada\",\"item\":\"https:\/\/www.capilae.es\/blog\"},{\"@type\":\"ListItem\",\"position\":2,\"name\":\"NUEVAS INSTALACIONES DE CAPILAE EN LA CALLE VIRIATO\"}]},{\"@type\":\"WebSite\",\"@id\":\"https:\/\/www.capilae.es\/blog\/#website\",\"url\":\"https:\/\/www.capilae.es\/blog\/\",\"name\":\"Blog de Capilae.es\",\"description\":\"Noticias sobre cirug\u00eda capilar y trasplante de pelo\",\"potentialAction\":[{\"@type\":\"SearchAction\",\"target\":{\"@type\":\"EntryPoint\",\"urlTemplate\":\"https:\/\/www.capilae.es\/blog\/?s={search_term_string}\"},\"query-input\":{\"@type\":\"PropertyValueSpecification\",\"valueRequired\":true,\"valueName\":\"search_term_string\"}}],\"inLanguage\":\"es\"},{\"@type\":\"Person\",\"@id\":\"https:\/\/www.capilae.es\/blog\/#\/schema\/person\/c34b65e8c9ccb890ea9dfab7aed9ca2a\",\"name\":\"Admin_capilae\",\"image\":{\"@type\":\"ImageObject\",\"inLanguage\":\"es\",\"@id\":\"https:\/\/www.capilae.es\/blog\/#\/schema\/person\/image\/\",\"url\":\"https:\/\/secure.gravatar.com\/avatar\/488c83d3df4f51db14c7dae37c008e2b772722231844b180843ec8eec93dc716?s=96&d=mm&r=g\",\"contentUrl\":\"https:\/\/secure.gravatar.com\/avatar\/488c83d3df4f51db14c7dae37c008e2b772722231844b180843ec8eec93dc716?s=96&d=mm&r=g\",\"caption\":\"Admin_capilae\"},\"url\":\"https:\/\/www.capilae.es\/blog\/author\/admin_capilae\"}]}<\/script>\n<!-- \/ Yoast SEO plugin. -->","yoast_head_json":{"title":"NUEVAS INSTALACIONES DE CAPILAE EN LA CALLE VIRIATO - Blog de Capilae.es","robots":{"index":"index","follow":"follow","max-snippet":"max-snippet:-1","max-image-preview":"max-image-preview:large","max-video-preview":"max-video-preview:-1"},"canonical":"https:\/\/www.capilae.es\/blog\/1160\/nuevas-instalaciones-de-capilae-en-la-calle-viriato","og_locale":"es_ES","og_type":"article","og_title":"NUEVAS INSTALACIONES DE CAPILAE EN LA CALLE VIRIATO - Blog de Capilae.es","og_description":"la direcci\u00f3n e Capilae tiene el placer de informarle de la apertura del nuevo centro de Capilae en Madrid. Con 2 quir\u00f3fanos nuevos y modernos, 3 despachos, 1 sala de l\u00e1ser capilar, y 2 confortable habitaciones de estar para el paciente, podemos ofrecerle todo lo necesario para el Diagn\u00f3stico, prevenci\u00f3n y tratamiento de su alopecia, [&hellip;]","og_url":"https:\/\/www.capilae.es\/blog\/1160\/nuevas-instalaciones-de-capilae-en-la-calle-viriato","og_site_name":"Blog de Capilae.es","article_publisher":"https:\/\/www.facebook.com\/pages\/Capilae-Cirug%c3%ada-de-Transplante-Capilar\/","article_published_time":"2018-04-16T09:23:20+00:00","og_image":[{"url":"https:\/\/www.capilae.es\/blog\/wp-content\/uploads\/2018\/04\/IMG_0637-300x225.jpg"}],"author":"Admin_capilae","twitter_misc":{"Escrito por":"Admin_capilae"},"schema":{"@context":"https:\/\/schema.org","@graph":[{"@type":"WebPage","@id":"https:\/\/www.capilae.es\/blog\/1160\/nuevas-instalaciones-de-capilae-en-la-calle-viriato","url":"https:\/\/www.capilae.es\/blog\/1160\/nuevas-instalaciones-de-capilae-en-la-calle-viriato","name":"NUEVAS INSTALACIONES DE CAPILAE EN LA CALLE VIRIATO - Blog de Capilae.es","isPartOf":{"@id":"https:\/\/www.capilae.es\/blog\/#website"},"primaryImageOfPage":{"@id":"https:\/\/www.capilae.es\/blog\/1160\/nuevas-instalaciones-de-capilae-en-la-calle-viriato#primaryimage"},"image":{"@id":"https:\/\/www.capilae.es\/blog\/1160\/nuevas-instalaciones-de-capilae-en-la-calle-viriato#primaryimage"},"thumbnailUrl":"https:\/\/www.capilae.es\/blog\/wp-content\/uploads\/2018\/04\/IMG_0637-300x225.jpg","datePublished":"2018-04-16T09:23:20+00:00","dateModified":"2018-04-16T09:23:20+00:00","author":{"@id":"https:\/\/www.capilae.es\/blog\/#\/schema\/person\/c34b65e8c9ccb890ea9dfab7aed9ca2a"},"breadcrumb":{"@id":"https:\/\/www.capilae.es\/blog\/1160\/nuevas-instalaciones-de-capilae-en-la-calle-viriato#breadcrumb"},"inLanguage":"es","potentialAction":[{"@type":"ReadAction","target":["https:\/\/www.capilae.es\/blog\/1160\/nuevas-instalaciones-de-capilae-en-la-calle-viriato"]}]},{"@type":"ImageObject","inLanguage":"es","@id":"https:\/\/www.capilae.es\/blog\/1160\/nuevas-instalaciones-de-capilae-en-la-calle-viriato#primaryimage","url":"https:\/\/www.capilae.es\/blog\/wp-content\/uploads\/2018\/04\/IMG_0637.jpg","contentUrl":"https:\/\/www.capilae.es\/blog\/wp-content\/uploads\/2018\/04\/IMG_0637.jpg","width":4032,"height":3024},{"@type":"BreadcrumbList","@id":"https:\/\/www.capilae.es\/blog\/1160\/nuevas-instalaciones-de-capilae-en-la-calle-viriato#breadcrumb","itemListElement":[{"@type":"ListItem","position":1,"name":"Portada","item":"https:\/\/www.capilae.es\/blog"},{"@type":"ListItem","position":2,"name":"NUEVAS INSTALACIONES DE CAPILAE EN LA CALLE VIRIATO"}]},{"@type":"WebSite","@id":"https:\/\/www.capilae.es\/blog\/#website","url":"https:\/\/www.capilae.es\/blog\/","name":"Blog de Capilae.es","description":"Noticias sobre cirug\u00eda capilar y trasplante de pelo","potentialAction":[{"@type":"SearchAction","target":{"@type":"EntryPoint","urlTemplate":"https:\/\/www.capilae.es\/blog\/?s={search_term_string}"},"query-input":{"@type":"PropertyValueSpecification","valueRequired":true,"valueName":"search_term_string"}}],"inLanguage":"es"},{"@type":"Person","@id":"https:\/\/www.capilae.es\/blog\/#\/schema\/person\/c34b65e8c9ccb890ea9dfab7aed9ca2a","name":"Admin_capilae","image":{"@type":"ImageObject","inLanguage":"es","@id":"https:\/\/www.capilae.es\/blog\/#\/schema\/person\/image\/","url":"https:\/\/secure.gravatar.com\/avatar\/488c83d3df4f51db14c7dae37c008e2b772722231844b180843ec8eec93dc716?s=96&d=mm&r=g","contentUrl":"https:\/\/secure.gravatar.com\/avatar\/488c83d3df4f51db14c7dae37c008e2b772722231844b180843ec8eec93dc716?s=96&d=mm&r=g","caption":"Admin_capilae"},"url":"https:\/\/www.capilae.es\/blog\/author\/admin_capilae"}]}},"_links":{"self":[{"href":"https:\/\/www.capilae.es\/blog\/wp-json\/wp\/v2\/posts\/1160","targetHints":{"allow":["GET"]}}],"collection":[{"href":"https:\/\/www.capilae.es\/blog\/wp-json\/wp\/v2\/posts"}],"about":[{"href":"https:\/\/www.capilae.es\/blog\/wp-json\/wp\/v2\/types\/post"}],"author":[{"embeddable":true,"href":"https:\/\/www.capilae.es\/blog\/wp-json\/wp\/v2\/users\/1"}],"replies":[{"embeddable":true,"href":"https:\/\/www.capilae.es\/blog\/wp-json\/wp\/v2\/comments?post=1160"}],"version-history":[{"count":1,"href":"https:\/\/www.capilae.es\/blog\/wp-json\/wp\/v2\/posts\/1160\/revisions"}],"predecessor-version":[{"id":1165,"href":"https:\/\/www.capilae.es\/blog\/wp-json\/wp\/v2\/posts\/1160\/revisions\/1165"}],"wp:attachment":[{"href":"https:\/\/www.capilae.es\/blog\/wp-json\/wp\/v2\/media?parent=1160"}],"wp:term":[{"taxonomy":"category","embeddable":true,"href":"https:\/\/www.capilae.es\/blog\/wp-json\/wp\/v2\/categories?post=1160"},{"taxonomy":"post_tag","embeddable":true,"href":"https:\/\/www.capilae.es\/blog\/wp-json\/wp\/v2\/tags?post=1160"}],"curies":[{"name":"wp","href":"https:\/\/api.w.org\/{rel}","templated":true}]}}