{"id":1167,"date":"2018-05-17T14:32:54","date_gmt":"2018-05-17T13:32:54","guid":{"rendered":"http:\/\/www.capilae.es\/blog\/?p=1167"},"modified":"2018-05-17T14:32:54","modified_gmt":"2018-05-17T13:32:54","slug":"el-equipo-de-capilae-en-el-ii-congreso-de-la-silatc","status":"publish","type":"post","link":"https:\/\/www.capilae.es\/blog\/1167\/el-equipo-de-capilae-en-el-ii-congreso-de-la-silatc","title":{"rendered":"El equipo de CaPiLae, en el II Congreso de la SILATC"},"content":{"rendered":"<p>El Director M\u00e9dico de CaPiLae, Dr. Juan Ruiz, en medio de la explicaci\u00f3n del caso quir\u00fargico del Workshop de la SILATC, en Mexico, donde mostrar\u00e1 sus t\u00e9cnicas quir\u00fargicas en FUExcision e implantaci\u00f3n mediante IMI-PR.<\/p>\n<p>Y nuestra coordinadora de Cirug\u00edas, S\u00edlvia Garcia, siendo el centro de atenci\u00f3n por parte de los m\u00e9dicos presentes, sobre el trabajo t\u00e9cnico durante una intervenci\u00f3n tanto FUExcision como FUSS. Muy orgullosos de su trabajo.<\/p>\n<p><a href=\"https:\/\/www.capilae.es\/blog\/wp-content\/uploads\/2018\/05\/IMG_1627-2.jpg\"><img loading=\"lazy\" decoding=\"async\" src=\"https:\/\/www.capilae.es\/blog\/wp-content\/uploads\/2018\/05\/IMG_1627-2-300x225.jpg\" alt=\"IMG_1627 2\" width=\"300\" height=\"225\" class=\"aligncenter size-medium wp-image-1168\" srcset=\"https:\/\/www.capilae.es\/blog\/wp-content\/uploads\/2018\/05\/IMG_1627-2-300x225.jpg 300w, https:\/\/www.capilae.es\/blog\/wp-content\/uploads\/2018\/05\/IMG_1627-2-1024x768.jpg 1024w, https:\/\/www.capilae.es\/blog\/wp-content\/uploads\/2018\/05\/IMG_1627-2-624x468.jpg 624w, https:\/\/www.capilae.es\/blog\/wp-content\/uploads\/2018\/05\/IMG_1627-2.jpg 1600w\" sizes=\"auto, (max-width: 300px) 100vw, 300px\" \/><\/a><\/p>\n<p><a href=\"https:\/\/www.capilae.es\/blog\/wp-content\/uploads\/2018\/05\/IMG_1574.jpg\"><img loading=\"lazy\" decoding=\"async\" src=\"https:\/\/www.capilae.es\/blog\/wp-content\/uploads\/2018\/05\/IMG_1574-300x225.jpg\" alt=\"IMG_1574\" width=\"300\" height=\"225\" class=\"aligncenter size-medium wp-image-1169\" srcset=\"https:\/\/www.capilae.es\/blog\/wp-content\/uploads\/2018\/05\/IMG_1574-300x225.jpg 300w, https:\/\/www.capilae.es\/blog\/wp-content\/uploads\/2018\/05\/IMG_1574-1024x768.jpg 1024w, https:\/\/www.capilae.es\/blog\/wp-content\/uploads\/2018\/05\/IMG_1574-624x468.jpg 624w\" sizes=\"auto, (max-width: 300px) 100vw, 300px\" \/><\/a><\/p>\n<p><a href=\"https:\/\/www.capilae.es\/blog\/wp-content\/uploads\/2018\/05\/IMG_1573.jpg\"><img loading=\"lazy\" decoding=\"async\" src=\"https:\/\/www.capilae.es\/blog\/wp-content\/uploads\/2018\/05\/IMG_1573-300x225.jpg\" alt=\"IMG_1573\" width=\"300\" height=\"225\" class=\"aligncenter size-medium wp-image-1170\" srcset=\"https:\/\/www.capilae.es\/blog\/wp-content\/uploads\/2018\/05\/IMG_1573-300x225.jpg 300w, https:\/\/www.capilae.es\/blog\/wp-content\/uploads\/2018\/05\/IMG_1573-1024x768.jpg 1024w, https:\/\/www.capilae.es\/blog\/wp-content\/uploads\/2018\/05\/IMG_1573-624x468.jpg 624w\" sizes=\"auto, (max-width: 300px) 100vw, 300px\" \/><\/a><\/p>\n<p><a href=\"https:\/\/www.capilae.es\/blog\/wp-content\/uploads\/2018\/05\/IMG_1571.jpg\"><img loading=\"lazy\" decoding=\"async\" src=\"https:\/\/www.capilae.es\/blog\/wp-content\/uploads\/2018\/05\/IMG_1571-225x300.jpg\" alt=\"IMG_1571\" width=\"225\" height=\"300\" class=\"aligncenter size-medium wp-image-1171\" srcset=\"https:\/\/www.capilae.es\/blog\/wp-content\/uploads\/2018\/05\/IMG_1571-225x300.jpg 225w, https:\/\/www.capilae.es\/blog\/wp-content\/uploads\/2018\/05\/IMG_1571-768x1024.jpg 768w, https:\/\/www.capilae.es\/blog\/wp-content\/uploads\/2018\/05\/IMG_1571-624x832.jpg 624w\" sizes=\"auto, (max-width: 225px) 100vw, 225px\" \/><\/a><\/p>\n","protected":false},"excerpt":{"rendered":"<p>El Director M\u00e9dico de CaPiLae, Dr. Juan Ruiz, en medio de la explicaci\u00f3n del caso quir\u00fargico del Workshop de la SILATC, en Mexico, donde mostrar\u00e1 sus t\u00e9cnicas quir\u00fargicas en FUExcision e implantaci\u00f3n mediante IMI-PR. Y nuestra coordinadora de Cirug\u00edas, S\u00edlvia Garcia, siendo el centro de atenci\u00f3n por parte de los m\u00e9dicos presentes, sobre el trabajo [&hellip;]<\/p>\n","protected":false},"author":1,"featured_media":0,"comment_status":"open","ping_status":"closed","sticky":false,"template":"","format":"standard","meta":{"footnotes":""},"categories":[100,88,90,93,101,75],"tags":[],"class_list":["post-1167","post","type-post","status-publish","format-standard","hentry","category-archives","category-cirugia-capilar-2","category-cirugia-fue","category-doctor-juan-ruiz-alconero","category-injerto-capilar","category-noticias"],"yoast_head":"<!-- This site is optimized with the Yoast SEO plugin v23.9 - https:\/\/yoast.com\/wordpress\/plugins\/seo\/ -->\n<title>El equipo de CaPiLae, en el II Congreso de la SILATC - Blog de Capilae.es<\/title>\n<meta name=\"robots\" content=\"index, follow, max-snippet:-1, max-image-preview:large, max-video-preview:-1\" \/>\n<link rel=\"canonical\" href=\"https:\/\/www.capilae.es\/blog\/1167\/el-equipo-de-capilae-en-el-ii-congreso-de-la-silatc\" \/>\n<meta property=\"og:locale\" content=\"es_ES\" \/>\n<meta property=\"og:type\" content=\"article\" \/>\n<meta property=\"og:title\" content=\"El equipo de CaPiLae, en el II Congreso de la SILATC - Blog de Capilae.es\" \/>\n<meta property=\"og:description\" content=\"El Director M\u00e9dico de CaPiLae, Dr. Juan Ruiz, en medio de la explicaci\u00f3n del caso quir\u00fargico del Workshop de la SILATC, en Mexico, donde mostrar\u00e1 sus t\u00e9cnicas quir\u00fargicas en FUExcision e implantaci\u00f3n mediante IMI-PR. Y nuestra coordinadora de Cirug\u00edas, S\u00edlvia Garcia, siendo el centro de atenci\u00f3n por parte de los m\u00e9dicos presentes, sobre el trabajo [&hellip;]\" \/>\n<meta property=\"og:url\" content=\"https:\/\/www.capilae.es\/blog\/1167\/el-equipo-de-capilae-en-el-ii-congreso-de-la-silatc\" \/>\n<meta property=\"og:site_name\" content=\"Blog de Capilae.es\" \/>\n<meta property=\"article:publisher\" content=\"https:\/\/www.facebook.com\/pages\/Capilae-Cirug%c3%ada-de-Transplante-Capilar\/\" \/>\n<meta property=\"article:published_time\" content=\"2018-05-17T13:32:54+00:00\" \/>\n<meta property=\"og:image\" content=\"https:\/\/www.capilae.es\/blog\/wp-content\/uploads\/2018\/05\/IMG_1627-2-300x225.jpg\" \/>\n<meta name=\"author\" content=\"Admin_capilae\" \/>\n<meta name=\"twitter:label1\" content=\"Escrito por\" \/>\n\t<meta name=\"twitter:data1\" content=\"Admin_capilae\" \/>\n<script type=\"application\/ld+json\" class=\"yoast-schema-graph\">{\"@context\":\"https:\/\/schema.org\",\"@graph\":[{\"@type\":\"WebPage\",\"@id\":\"https:\/\/www.capilae.es\/blog\/1167\/el-equipo-de-capilae-en-el-ii-congreso-de-la-silatc\",\"url\":\"https:\/\/www.capilae.es\/blog\/1167\/el-equipo-de-capilae-en-el-ii-congreso-de-la-silatc\",\"name\":\"El equipo de CaPiLae, en el II Congreso de la SILATC - Blog de Capilae.es\",\"isPartOf\":{\"@id\":\"https:\/\/www.capilae.es\/blog\/#website\"},\"primaryImageOfPage\":{\"@id\":\"https:\/\/www.capilae.es\/blog\/1167\/el-equipo-de-capilae-en-el-ii-congreso-de-la-silatc#primaryimage\"},\"image\":{\"@id\":\"https:\/\/www.capilae.es\/blog\/1167\/el-equipo-de-capilae-en-el-ii-congreso-de-la-silatc#primaryimage\"},\"thumbnailUrl\":\"https:\/\/www.capilae.es\/blog\/wp-content\/uploads\/2018\/05\/IMG_1627-2-300x225.jpg\",\"datePublished\":\"2018-05-17T13:32:54+00:00\",\"dateModified\":\"2018-05-17T13:32:54+00:00\",\"author\":{\"@id\":\"https:\/\/www.capilae.es\/blog\/#\/schema\/person\/c34b65e8c9ccb890ea9dfab7aed9ca2a\"},\"breadcrumb\":{\"@id\":\"https:\/\/www.capilae.es\/blog\/1167\/el-equipo-de-capilae-en-el-ii-congreso-de-la-silatc#breadcrumb\"},\"inLanguage\":\"es\",\"potentialAction\":[{\"@type\":\"ReadAction\",\"target\":[\"https:\/\/www.capilae.es\/blog\/1167\/el-equipo-de-capilae-en-el-ii-congreso-de-la-silatc\"]}]},{\"@type\":\"ImageObject\",\"inLanguage\":\"es\",\"@id\":\"https:\/\/www.capilae.es\/blog\/1167\/el-equipo-de-capilae-en-el-ii-congreso-de-la-silatc#primaryimage\",\"url\":\"https:\/\/www.capilae.es\/blog\/wp-content\/uploads\/2018\/05\/IMG_1627-2.jpg\",\"contentUrl\":\"https:\/\/www.capilae.es\/blog\/wp-content\/uploads\/2018\/05\/IMG_1627-2.jpg\",\"width\":1600,\"height\":1200},{\"@type\":\"BreadcrumbList\",\"@id\":\"https:\/\/www.capilae.es\/blog\/1167\/el-equipo-de-capilae-en-el-ii-congreso-de-la-silatc#breadcrumb\",\"itemListElement\":[{\"@type\":\"ListItem\",\"position\":1,\"name\":\"Portada\",\"item\":\"https:\/\/www.capilae.es\/blog\"},{\"@type\":\"ListItem\",\"position\":2,\"name\":\"El equipo de CaPiLae, en el II Congreso de la SILATC\"}]},{\"@type\":\"WebSite\",\"@id\":\"https:\/\/www.capilae.es\/blog\/#website\",\"url\":\"https:\/\/www.capilae.es\/blog\/\",\"name\":\"Blog de Capilae.es\",\"description\":\"Noticias sobre cirug\u00eda capilar y trasplante de pelo\",\"potentialAction\":[{\"@type\":\"SearchAction\",\"target\":{\"@type\":\"EntryPoint\",\"urlTemplate\":\"https:\/\/www.capilae.es\/blog\/?s={search_term_string}\"},\"query-input\":{\"@type\":\"PropertyValueSpecification\",\"valueRequired\":true,\"valueName\":\"search_term_string\"}}],\"inLanguage\":\"es\"},{\"@type\":\"Person\",\"@id\":\"https:\/\/www.capilae.es\/blog\/#\/schema\/person\/c34b65e8c9ccb890ea9dfab7aed9ca2a\",\"name\":\"Admin_capilae\",\"image\":{\"@type\":\"ImageObject\",\"inLanguage\":\"es\",\"@id\":\"https:\/\/www.capilae.es\/blog\/#\/schema\/person\/image\/\",\"url\":\"https:\/\/secure.gravatar.com\/avatar\/488c83d3df4f51db14c7dae37c008e2b772722231844b180843ec8eec93dc716?s=96&d=mm&r=g\",\"contentUrl\":\"https:\/\/secure.gravatar.com\/avatar\/488c83d3df4f51db14c7dae37c008e2b772722231844b180843ec8eec93dc716?s=96&d=mm&r=g\",\"caption\":\"Admin_capilae\"},\"url\":\"https:\/\/www.capilae.es\/blog\/author\/admin_capilae\"}]}<\/script>\n<!-- \/ Yoast SEO plugin. -->","yoast_head_json":{"title":"El equipo de CaPiLae, en el II Congreso de la SILATC - Blog de Capilae.es","robots":{"index":"index","follow":"follow","max-snippet":"max-snippet:-1","max-image-preview":"max-image-preview:large","max-video-preview":"max-video-preview:-1"},"canonical":"https:\/\/www.capilae.es\/blog\/1167\/el-equipo-de-capilae-en-el-ii-congreso-de-la-silatc","og_locale":"es_ES","og_type":"article","og_title":"El equipo de CaPiLae, en el II Congreso de la SILATC - Blog de Capilae.es","og_description":"El Director M\u00e9dico de CaPiLae, Dr. Juan Ruiz, en medio de la explicaci\u00f3n del caso quir\u00fargico del Workshop de la SILATC, en Mexico, donde mostrar\u00e1 sus t\u00e9cnicas quir\u00fargicas en FUExcision e implantaci\u00f3n mediante IMI-PR. Y nuestra coordinadora de Cirug\u00edas, S\u00edlvia Garcia, siendo el centro de atenci\u00f3n por parte de los m\u00e9dicos presentes, sobre el trabajo [&hellip;]","og_url":"https:\/\/www.capilae.es\/blog\/1167\/el-equipo-de-capilae-en-el-ii-congreso-de-la-silatc","og_site_name":"Blog de Capilae.es","article_publisher":"https:\/\/www.facebook.com\/pages\/Capilae-Cirug%c3%ada-de-Transplante-Capilar\/","article_published_time":"2018-05-17T13:32:54+00:00","og_image":[{"url":"https:\/\/www.capilae.es\/blog\/wp-content\/uploads\/2018\/05\/IMG_1627-2-300x225.jpg"}],"author":"Admin_capilae","twitter_misc":{"Escrito por":"Admin_capilae"},"schema":{"@context":"https:\/\/schema.org","@graph":[{"@type":"WebPage","@id":"https:\/\/www.capilae.es\/blog\/1167\/el-equipo-de-capilae-en-el-ii-congreso-de-la-silatc","url":"https:\/\/www.capilae.es\/blog\/1167\/el-equipo-de-capilae-en-el-ii-congreso-de-la-silatc","name":"El equipo de CaPiLae, en el II Congreso de la SILATC - Blog de Capilae.es","isPartOf":{"@id":"https:\/\/www.capilae.es\/blog\/#website"},"primaryImageOfPage":{"@id":"https:\/\/www.capilae.es\/blog\/1167\/el-equipo-de-capilae-en-el-ii-congreso-de-la-silatc#primaryimage"},"image":{"@id":"https:\/\/www.capilae.es\/blog\/1167\/el-equipo-de-capilae-en-el-ii-congreso-de-la-silatc#primaryimage"},"thumbnailUrl":"https:\/\/www.capilae.es\/blog\/wp-content\/uploads\/2018\/05\/IMG_1627-2-300x225.jpg","datePublished":"2018-05-17T13:32:54+00:00","dateModified":"2018-05-17T13:32:54+00:00","author":{"@id":"https:\/\/www.capilae.es\/blog\/#\/schema\/person\/c34b65e8c9ccb890ea9dfab7aed9ca2a"},"breadcrumb":{"@id":"https:\/\/www.capilae.es\/blog\/1167\/el-equipo-de-capilae-en-el-ii-congreso-de-la-silatc#breadcrumb"},"inLanguage":"es","potentialAction":[{"@type":"ReadAction","target":["https:\/\/www.capilae.es\/blog\/1167\/el-equipo-de-capilae-en-el-ii-congreso-de-la-silatc"]}]},{"@type":"ImageObject","inLanguage":"es","@id":"https:\/\/www.capilae.es\/blog\/1167\/el-equipo-de-capilae-en-el-ii-congreso-de-la-silatc#primaryimage","url":"https:\/\/www.capilae.es\/blog\/wp-content\/uploads\/2018\/05\/IMG_1627-2.jpg","contentUrl":"https:\/\/www.capilae.es\/blog\/wp-content\/uploads\/2018\/05\/IMG_1627-2.jpg","width":1600,"height":1200},{"@type":"BreadcrumbList","@id":"https:\/\/www.capilae.es\/blog\/1167\/el-equipo-de-capilae-en-el-ii-congreso-de-la-silatc#breadcrumb","itemListElement":[{"@type":"ListItem","position":1,"name":"Portada","item":"https:\/\/www.capilae.es\/blog"},{"@type":"ListItem","position":2,"name":"El equipo de CaPiLae, en el II Congreso de la SILATC"}]},{"@type":"WebSite","@id":"https:\/\/www.capilae.es\/blog\/#website","url":"https:\/\/www.capilae.es\/blog\/","name":"Blog de Capilae.es","description":"Noticias sobre cirug\u00eda capilar y trasplante de pelo","potentialAction":[{"@type":"SearchAction","target":{"@type":"EntryPoint","urlTemplate":"https:\/\/www.capilae.es\/blog\/?s={search_term_string}"},"query-input":{"@type":"PropertyValueSpecification","valueRequired":true,"valueName":"search_term_string"}}],"inLanguage":"es"},{"@type":"Person","@id":"https:\/\/www.capilae.es\/blog\/#\/schema\/person\/c34b65e8c9ccb890ea9dfab7aed9ca2a","name":"Admin_capilae","image":{"@type":"ImageObject","inLanguage":"es","@id":"https:\/\/www.capilae.es\/blog\/#\/schema\/person\/image\/","url":"https:\/\/secure.gravatar.com\/avatar\/488c83d3df4f51db14c7dae37c008e2b772722231844b180843ec8eec93dc716?s=96&d=mm&r=g","contentUrl":"https:\/\/secure.gravatar.com\/avatar\/488c83d3df4f51db14c7dae37c008e2b772722231844b180843ec8eec93dc716?s=96&d=mm&r=g","caption":"Admin_capilae"},"url":"https:\/\/www.capilae.es\/blog\/author\/admin_capilae"}]}},"_links":{"self":[{"href":"https:\/\/www.capilae.es\/blog\/wp-json\/wp\/v2\/posts\/1167","targetHints":{"allow":["GET"]}}],"collection":[{"href":"https:\/\/www.capilae.es\/blog\/wp-json\/wp\/v2\/posts"}],"about":[{"href":"https:\/\/www.capilae.es\/blog\/wp-json\/wp\/v2\/types\/post"}],"author":[{"embeddable":true,"href":"https:\/\/www.capilae.es\/blog\/wp-json\/wp\/v2\/users\/1"}],"replies":[{"embeddable":true,"href":"https:\/\/www.capilae.es\/blog\/wp-json\/wp\/v2\/comments?post=1167"}],"version-history":[{"count":1,"href":"https:\/\/www.capilae.es\/blog\/wp-json\/wp\/v2\/posts\/1167\/revisions"}],"predecessor-version":[{"id":1172,"href":"https:\/\/www.capilae.es\/blog\/wp-json\/wp\/v2\/posts\/1167\/revisions\/1172"}],"wp:attachment":[{"href":"https:\/\/www.capilae.es\/blog\/wp-json\/wp\/v2\/media?parent=1167"}],"wp:term":[{"taxonomy":"category","embeddable":true,"href":"https:\/\/www.capilae.es\/blog\/wp-json\/wp\/v2\/categories?post=1167"},{"taxonomy":"post_tag","embeddable":true,"href":"https:\/\/www.capilae.es\/blog\/wp-json\/wp\/v2\/tags?post=1167"}],"curies":[{"name":"wp","href":"https:\/\/api.w.org\/{rel}","templated":true}]}}