{"id":74,"date":"2011-08-17T13:32:52","date_gmt":"2011-08-17T11:32:52","guid":{"rendered":"http:\/\/mitransplantedepelo.wordpress.com\/?p=74"},"modified":"2012-04-26T14:03:08","modified_gmt":"2012-04-26T14:03:08","slug":"reflexiones-a-la-semana","status":"publish","type":"post","link":"https:\/\/www.capilae.es\/blog\/74\/reflexiones-a-la-semana","title":{"rendered":"Reflexiones a la semana"},"content":{"rendered":"<p><a href=\"http:\/\/mitransplantedepelo.files.wordpress.com\/2011\/08\/dsc_0332.jpg\"><img loading=\"lazy\" decoding=\"async\" class=\"aligncenter size-medium wp-image-77\" title=\"DSC_0332\" src=\"http:\/\/mitransplantedepelo.files.wordpress.com\/2011\/08\/dsc_0332.jpg?w=300\" alt=\"\" width=\"300\" height=\"200\" \/><\/a><img loading=\"lazy\" decoding=\"async\" class=\"aligncenter size-medium wp-image-76\" title=\"DSC_0340\" src=\"http:\/\/mitransplantedepelo.files.wordpress.com\/2011\/08\/dsc_03401.jpg?w=300\" alt=\"\" width=\"300\" height=\"200\" \/><a href=\"http:\/\/mitransplantedepelo.files.wordpress.com\/2011\/08\/dsc_0351.jpg\"><img loading=\"lazy\" decoding=\"async\" class=\"aligncenter size-medium wp-image-75\" title=\"DSC_0351\" src=\"http:\/\/mitransplantedepelo.files.wordpress.com\/2011\/08\/dsc_0351.jpg?w=300\" alt=\"\" width=\"300\" height=\"200\" \/><\/a>Hola: aqu\u00ed os dejo la evoluci\u00f3n en la primera semana de la cirug\u00eda capilar. Como veis ya ha desaparecido casi todo el enrojecimiento, y el pelo empieza un discreto crecimiento, aunque ser\u00e1 breve porque se caer\u00e1 en unos d\u00edas para entrar en fase de reposo y crecer de nuevo de manera permanente en unas 10 semanas.<\/p>\n<p><strong>Por cierto, la primera foto es el d\u00eda de la cirug\u00eda, la segunda es a los 5 d\u00edas y la tercera de ayer por la noche&#8230;<\/strong><\/p>\n<p>De hecho, hoy ten\u00eda sesi\u00f3n con el fisio de mi cl\u00ednica para tratarme de una lesi\u00f3n en la ingle, y no se ha dado cuenta de mi transplante de pelo hasta que se lo he comentado, es verdad que queda bastante disimulado.<\/p>\n<p>En esta semana puedo decir varias cosas acerca de la cirug\u00eda de injerto de pelo.<\/p>\n<p>Realmente es molesto la primera noche y el d\u00eda siguiente, pero totalmente soportable. No he sentido nada de dolor en ning\u00fan momento, quitando la sensaci\u00f3n de tir\u00f3n en la zona de sutura.<\/p>\n<p>A partir de las 48 horas, aunque con gorra, he salido a la calle un poco, y desde el primer d\u00eda he podido trabajar en casa.<\/p>\n<p>Las primeras 48 horas no toqu\u00e9 la zona de los injertos, quitando un spray de agua termal. A las 48 horas el primer lavado con betadine jabonoso con ayuda de una taza para no verter el agua de la ducha directamente sobre el \u00e1rea injertada, aclarando con cuidado.<\/p>\n<p>Ayer ya lav\u00e9 la zona de los injertos con champ\u00fa suave, no con betadine jabonoso y hoy de la misma manera. Es curiosa la sensaci\u00f3n de cepillo que se tiene al pasar la yema de los dedos por la zona transplantada.<\/p>\n<p>a d\u00eda de hoy la \u00fanica medicaci\u00f3n que tomo es Viviscal\u00a9 un suplemento espec\u00edfico para el pelo, y en cuanto me quiten los puntos (este lunes) pues epezar\u00e9 con el minoxidil al 5% en spray (nunca me lo he aplicado, as\u00ed que a ver qu\u00e9 tal). El minoxidil es un vasodilatador y antihipertensivo con capacidad de hacer recrecer el pelo que a\u00fan no se ha ca\u00eddo del todo, y al favorecer el aumento de riego sangu\u00edneo es importante para ayudar a la recuperaci\u00f3n del pelo transplantado.<\/p>\n<p>Ya pondr\u00e9 alg\u00fan post m\u00e1s extenso sobre los diversos tratamientos para la ca\u00edda del pelo, ya sean m\u00e9dicos, f\u00edsicos o cham\u00e1nicos&#8230;<\/p>\n","protected":false},"excerpt":{"rendered":"<p>Hola: aqu\u00ed os dejo la evoluci\u00f3n en la primera semana de la cirug\u00eda capilar. Como veis ya ha desaparecido casi todo el enrojecimiento, y el pelo empieza un discreto crecimiento, aunque ser\u00e1 breve porque se caer\u00e1 en unos d\u00edas para entrar en fase de reposo y crecer de nuevo de manera permanente en unas 10 [&hellip;]<\/p>\n","protected":false},"author":1,"featured_media":0,"comment_status":"open","ping_status":"closed","sticky":false,"template":"","format":"standard","meta":{"footnotes":""},"categories":[75],"tags":[3,55,56,21,57],"class_list":["post-74","post","type-post","status-publish","format-standard","hentry","category-noticias","tag-cirugia-capilar","tag-injertos","tag-minoxidil","tag-viviscal","tag-zona-transplantada"],"yoast_head":"<!-- This site is optimized with the Yoast SEO plugin v23.9 - https:\/\/yoast.com\/wordpress\/plugins\/seo\/ -->\n<title>Reflexiones a la semana - Blog de Capilae.es<\/title>\n<meta name=\"robots\" content=\"index, follow, max-snippet:-1, max-image-preview:large, max-video-preview:-1\" \/>\n<link rel=\"canonical\" href=\"https:\/\/www.capilae.es\/blog\/74\/reflexiones-a-la-semana\" \/>\n<meta property=\"og:locale\" content=\"es_ES\" \/>\n<meta property=\"og:type\" content=\"article\" \/>\n<meta property=\"og:title\" content=\"Reflexiones a la semana - Blog de Capilae.es\" \/>\n<meta property=\"og:description\" content=\"Hola: aqu\u00ed os dejo la evoluci\u00f3n en la primera semana de la cirug\u00eda capilar. Como veis ya ha desaparecido casi todo el enrojecimiento, y el pelo empieza un discreto crecimiento, aunque ser\u00e1 breve porque se caer\u00e1 en unos d\u00edas para entrar en fase de reposo y crecer de nuevo de manera permanente en unas 10 [&hellip;]\" \/>\n<meta property=\"og:url\" content=\"https:\/\/www.capilae.es\/blog\/74\/reflexiones-a-la-semana\" \/>\n<meta property=\"og:site_name\" content=\"Blog de Capilae.es\" \/>\n<meta property=\"article:publisher\" content=\"https:\/\/www.facebook.com\/pages\/Capilae-Cirug%c3%ada-de-Transplante-Capilar\/\" \/>\n<meta property=\"article:published_time\" content=\"2011-08-17T11:32:52+00:00\" \/>\n<meta property=\"article:modified_time\" content=\"2012-04-26T14:03:08+00:00\" \/>\n<meta property=\"og:image\" content=\"http:\/\/mitransplantedepelo.files.wordpress.com\/2011\/08\/dsc_0332.jpg?w=300\" \/>\n<meta name=\"author\" content=\"Admin_capilae\" \/>\n<meta name=\"twitter:label1\" content=\"Escrito por\" \/>\n\t<meta name=\"twitter:data1\" content=\"Admin_capilae\" \/>\n\t<meta name=\"twitter:label2\" content=\"Tiempo de lectura\" \/>\n\t<meta name=\"twitter:data2\" content=\"2 minutos\" \/>\n<script type=\"application\/ld+json\" class=\"yoast-schema-graph\">{\"@context\":\"https:\/\/schema.org\",\"@graph\":[{\"@type\":\"WebPage\",\"@id\":\"https:\/\/www.capilae.es\/blog\/74\/reflexiones-a-la-semana\",\"url\":\"https:\/\/www.capilae.es\/blog\/74\/reflexiones-a-la-semana\",\"name\":\"Reflexiones a la semana - Blog de Capilae.es\",\"isPartOf\":{\"@id\":\"https:\/\/www.capilae.es\/blog\/#website\"},\"primaryImageOfPage\":{\"@id\":\"https:\/\/www.capilae.es\/blog\/74\/reflexiones-a-la-semana#primaryimage\"},\"image\":{\"@id\":\"https:\/\/www.capilae.es\/blog\/74\/reflexiones-a-la-semana#primaryimage\"},\"thumbnailUrl\":\"http:\/\/mitransplantedepelo.files.wordpress.com\/2011\/08\/dsc_0332.jpg?w=300\",\"datePublished\":\"2011-08-17T11:32:52+00:00\",\"dateModified\":\"2012-04-26T14:03:08+00:00\",\"author\":{\"@id\":\"https:\/\/www.capilae.es\/blog\/#\/schema\/person\/c34b65e8c9ccb890ea9dfab7aed9ca2a\"},\"breadcrumb\":{\"@id\":\"https:\/\/www.capilae.es\/blog\/74\/reflexiones-a-la-semana#breadcrumb\"},\"inLanguage\":\"es\",\"potentialAction\":[{\"@type\":\"ReadAction\",\"target\":[\"https:\/\/www.capilae.es\/blog\/74\/reflexiones-a-la-semana\"]}]},{\"@type\":\"ImageObject\",\"inLanguage\":\"es\",\"@id\":\"https:\/\/www.capilae.es\/blog\/74\/reflexiones-a-la-semana#primaryimage\",\"url\":\"http:\/\/mitransplantedepelo.files.wordpress.com\/2011\/08\/dsc_0332.jpg?w=300\",\"contentUrl\":\"http:\/\/mitransplantedepelo.files.wordpress.com\/2011\/08\/dsc_0332.jpg?w=300\"},{\"@type\":\"BreadcrumbList\",\"@id\":\"https:\/\/www.capilae.es\/blog\/74\/reflexiones-a-la-semana#breadcrumb\",\"itemListElement\":[{\"@type\":\"ListItem\",\"position\":1,\"name\":\"Portada\",\"item\":\"https:\/\/www.capilae.es\/blog\"},{\"@type\":\"ListItem\",\"position\":2,\"name\":\"Reflexiones a la semana\"}]},{\"@type\":\"WebSite\",\"@id\":\"https:\/\/www.capilae.es\/blog\/#website\",\"url\":\"https:\/\/www.capilae.es\/blog\/\",\"name\":\"Blog de Capilae.es\",\"description\":\"Noticias sobre cirug\u00eda capilar y trasplante de pelo\",\"potentialAction\":[{\"@type\":\"SearchAction\",\"target\":{\"@type\":\"EntryPoint\",\"urlTemplate\":\"https:\/\/www.capilae.es\/blog\/?s={search_term_string}\"},\"query-input\":{\"@type\":\"PropertyValueSpecification\",\"valueRequired\":true,\"valueName\":\"search_term_string\"}}],\"inLanguage\":\"es\"},{\"@type\":\"Person\",\"@id\":\"https:\/\/www.capilae.es\/blog\/#\/schema\/person\/c34b65e8c9ccb890ea9dfab7aed9ca2a\",\"name\":\"Admin_capilae\",\"image\":{\"@type\":\"ImageObject\",\"inLanguage\":\"es\",\"@id\":\"https:\/\/www.capilae.es\/blog\/#\/schema\/person\/image\/\",\"url\":\"https:\/\/secure.gravatar.com\/avatar\/488c83d3df4f51db14c7dae37c008e2b772722231844b180843ec8eec93dc716?s=96&d=mm&r=g\",\"contentUrl\":\"https:\/\/secure.gravatar.com\/avatar\/488c83d3df4f51db14c7dae37c008e2b772722231844b180843ec8eec93dc716?s=96&d=mm&r=g\",\"caption\":\"Admin_capilae\"},\"url\":\"https:\/\/www.capilae.es\/blog\/author\/admin_capilae\"}]}<\/script>\n<!-- \/ Yoast SEO plugin. -->","yoast_head_json":{"title":"Reflexiones a la semana - Blog de Capilae.es","robots":{"index":"index","follow":"follow","max-snippet":"max-snippet:-1","max-image-preview":"max-image-preview:large","max-video-preview":"max-video-preview:-1"},"canonical":"https:\/\/www.capilae.es\/blog\/74\/reflexiones-a-la-semana","og_locale":"es_ES","og_type":"article","og_title":"Reflexiones a la semana - Blog de Capilae.es","og_description":"Hola: aqu\u00ed os dejo la evoluci\u00f3n en la primera semana de la cirug\u00eda capilar. Como veis ya ha desaparecido casi todo el enrojecimiento, y el pelo empieza un discreto crecimiento, aunque ser\u00e1 breve porque se caer\u00e1 en unos d\u00edas para entrar en fase de reposo y crecer de nuevo de manera permanente en unas 10 [&hellip;]","og_url":"https:\/\/www.capilae.es\/blog\/74\/reflexiones-a-la-semana","og_site_name":"Blog de Capilae.es","article_publisher":"https:\/\/www.facebook.com\/pages\/Capilae-Cirug%c3%ada-de-Transplante-Capilar\/","article_published_time":"2011-08-17T11:32:52+00:00","article_modified_time":"2012-04-26T14:03:08+00:00","og_image":[{"url":"http:\/\/mitransplantedepelo.files.wordpress.com\/2011\/08\/dsc_0332.jpg?w=300"}],"author":"Admin_capilae","twitter_misc":{"Escrito por":"Admin_capilae","Tiempo de lectura":"2 minutos"},"schema":{"@context":"https:\/\/schema.org","@graph":[{"@type":"WebPage","@id":"https:\/\/www.capilae.es\/blog\/74\/reflexiones-a-la-semana","url":"https:\/\/www.capilae.es\/blog\/74\/reflexiones-a-la-semana","name":"Reflexiones a la semana - Blog de Capilae.es","isPartOf":{"@id":"https:\/\/www.capilae.es\/blog\/#website"},"primaryImageOfPage":{"@id":"https:\/\/www.capilae.es\/blog\/74\/reflexiones-a-la-semana#primaryimage"},"image":{"@id":"https:\/\/www.capilae.es\/blog\/74\/reflexiones-a-la-semana#primaryimage"},"thumbnailUrl":"http:\/\/mitransplantedepelo.files.wordpress.com\/2011\/08\/dsc_0332.jpg?w=300","datePublished":"2011-08-17T11:32:52+00:00","dateModified":"2012-04-26T14:03:08+00:00","author":{"@id":"https:\/\/www.capilae.es\/blog\/#\/schema\/person\/c34b65e8c9ccb890ea9dfab7aed9ca2a"},"breadcrumb":{"@id":"https:\/\/www.capilae.es\/blog\/74\/reflexiones-a-la-semana#breadcrumb"},"inLanguage":"es","potentialAction":[{"@type":"ReadAction","target":["https:\/\/www.capilae.es\/blog\/74\/reflexiones-a-la-semana"]}]},{"@type":"ImageObject","inLanguage":"es","@id":"https:\/\/www.capilae.es\/blog\/74\/reflexiones-a-la-semana#primaryimage","url":"http:\/\/mitransplantedepelo.files.wordpress.com\/2011\/08\/dsc_0332.jpg?w=300","contentUrl":"http:\/\/mitransplantedepelo.files.wordpress.com\/2011\/08\/dsc_0332.jpg?w=300"},{"@type":"BreadcrumbList","@id":"https:\/\/www.capilae.es\/blog\/74\/reflexiones-a-la-semana#breadcrumb","itemListElement":[{"@type":"ListItem","position":1,"name":"Portada","item":"https:\/\/www.capilae.es\/blog"},{"@type":"ListItem","position":2,"name":"Reflexiones a la semana"}]},{"@type":"WebSite","@id":"https:\/\/www.capilae.es\/blog\/#website","url":"https:\/\/www.capilae.es\/blog\/","name":"Blog de Capilae.es","description":"Noticias sobre cirug\u00eda capilar y trasplante de pelo","potentialAction":[{"@type":"SearchAction","target":{"@type":"EntryPoint","urlTemplate":"https:\/\/www.capilae.es\/blog\/?s={search_term_string}"},"query-input":{"@type":"PropertyValueSpecification","valueRequired":true,"valueName":"search_term_string"}}],"inLanguage":"es"},{"@type":"Person","@id":"https:\/\/www.capilae.es\/blog\/#\/schema\/person\/c34b65e8c9ccb890ea9dfab7aed9ca2a","name":"Admin_capilae","image":{"@type":"ImageObject","inLanguage":"es","@id":"https:\/\/www.capilae.es\/blog\/#\/schema\/person\/image\/","url":"https:\/\/secure.gravatar.com\/avatar\/488c83d3df4f51db14c7dae37c008e2b772722231844b180843ec8eec93dc716?s=96&d=mm&r=g","contentUrl":"https:\/\/secure.gravatar.com\/avatar\/488c83d3df4f51db14c7dae37c008e2b772722231844b180843ec8eec93dc716?s=96&d=mm&r=g","caption":"Admin_capilae"},"url":"https:\/\/www.capilae.es\/blog\/author\/admin_capilae"}]}},"_links":{"self":[{"href":"https:\/\/www.capilae.es\/blog\/wp-json\/wp\/v2\/posts\/74","targetHints":{"allow":["GET"]}}],"collection":[{"href":"https:\/\/www.capilae.es\/blog\/wp-json\/wp\/v2\/posts"}],"about":[{"href":"https:\/\/www.capilae.es\/blog\/wp-json\/wp\/v2\/types\/post"}],"author":[{"embeddable":true,"href":"https:\/\/www.capilae.es\/blog\/wp-json\/wp\/v2\/users\/1"}],"replies":[{"embeddable":true,"href":"https:\/\/www.capilae.es\/blog\/wp-json\/wp\/v2\/comments?post=74"}],"version-history":[{"count":2,"href":"https:\/\/www.capilae.es\/blog\/wp-json\/wp\/v2\/posts\/74\/revisions"}],"predecessor-version":[{"id":830,"href":"https:\/\/www.capilae.es\/blog\/wp-json\/wp\/v2\/posts\/74\/revisions\/830"}],"wp:attachment":[{"href":"https:\/\/www.capilae.es\/blog\/wp-json\/wp\/v2\/media?parent=74"}],"wp:term":[{"taxonomy":"category","embeddable":true,"href":"https:\/\/www.capilae.es\/blog\/wp-json\/wp\/v2\/categories?post=74"},{"taxonomy":"post_tag","embeddable":true,"href":"https:\/\/www.capilae.es\/blog\/wp-json\/wp\/v2\/tags?post=74"}],"curies":[{"name":"wp","href":"https:\/\/api.w.org\/{rel}","templated":true}]}}