{"id":744,"date":"2011-08-25T09:23:52","date_gmt":"2011-08-25T09:23:52","guid":{"rendered":"http:\/\/capilae.es\/old\/?p=744"},"modified":"2012-04-26T14:00:34","modified_gmt":"2012-04-26T14:00:34","slug":"el-dr-juan-ruiz-director-de-capilae-en-telemadrid","status":"publish","type":"post","link":"https:\/\/www.capilae.es\/blog\/744\/el-dr-juan-ruiz-director-de-capilae-en-telemadrid","title":{"rendered":"El Dr Juan Ruiz, Director de Capilae, en Telemadrid"},"content":{"rendered":"<p>El Dr. Juan Ruiz fue entrevistado este lunes pasado, en el programa Buenos D\u00edas Madrid, de Telemadrid, acerca de la ca\u00edda del pelo en verano y oto\u00f1o, as\u00ed como las posibles medidas de prevenci\u00f3n que se deben tomar en estos casos.<\/p>\n<p><a href=\"http:\/\/www.youtube.com\/watch?v=p69_vRl6h0c\">El Dr. Ruiz en Buenos D\u00edas Madrid<\/a><\/p>\n<p>El Dr. Ruiz explic\u00f3 lo \u00fatil de proteger el cabello del sol, tanto con gorros como con sprays de protecci\u00f3n solar, la necesidad de enjuagar el pelo despu\u00e9s de cada ba\u00f1o, ya fuese en playa o piscina, y, muy importante, la necesidad de suplementaci\u00f3n nutricional para tener un pelo de primera calidad, tanto con alimentos de la dieta, como preparados espec\u00edficos, como Viviscal.<\/p>\n<p>Tambi\u00e9n se trataron temas como la alopecia traccional, por llevar arreglos de pelo excesivamente tensos y por un prolongado tiempo, y las consecuencias nefastas que esto tiene para la salud capilar.<\/p>\n","protected":false},"excerpt":{"rendered":"<p>El Dr. Juan Ruiz fue entrevistado este lunes pasado, en el programa Buenos D\u00edas Madrid, de Telemadrid, acerca de la ca\u00edda del pelo en verano y oto\u00f1o, as\u00ed como las posibles medidas de prevenci\u00f3n que se deben tomar en estos casos. El Dr. Ruiz en Buenos D\u00edas Madrid El Dr. Ruiz explic\u00f3 lo \u00fatil de [&hellip;]<\/p>\n","protected":false},"author":1,"featured_media":0,"comment_status":"open","ping_status":"closed","sticky":false,"template":"","format":"standard","meta":{"footnotes":""},"categories":[75],"tags":[17,20,21],"class_list":["post-744","post","type-post","status-publish","format-standard","hentry","category-noticias","tag-alopecia-traccional","tag-suplementacion","tag-viviscal"],"yoast_head":"<!-- This site is optimized with the Yoast SEO plugin v23.9 - https:\/\/yoast.com\/wordpress\/plugins\/seo\/ -->\n<title>El Dr Juan Ruiz, Director de Capilae, en Telemadrid - Blog de Capilae.es<\/title>\n<meta name=\"robots\" content=\"index, follow, max-snippet:-1, max-image-preview:large, max-video-preview:-1\" \/>\n<link rel=\"canonical\" href=\"https:\/\/www.capilae.es\/blog\/744\/el-dr-juan-ruiz-director-de-capilae-en-telemadrid\" \/>\n<meta property=\"og:locale\" content=\"es_ES\" \/>\n<meta property=\"og:type\" content=\"article\" \/>\n<meta property=\"og:title\" content=\"El Dr Juan Ruiz, Director de Capilae, en Telemadrid - Blog de Capilae.es\" \/>\n<meta property=\"og:description\" content=\"El Dr. Juan Ruiz fue entrevistado este lunes pasado, en el programa Buenos D\u00edas Madrid, de Telemadrid, acerca de la ca\u00edda del pelo en verano y oto\u00f1o, as\u00ed como las posibles medidas de prevenci\u00f3n que se deben tomar en estos casos. El Dr. Ruiz en Buenos D\u00edas Madrid El Dr. Ruiz explic\u00f3 lo \u00fatil de [&hellip;]\" \/>\n<meta property=\"og:url\" content=\"https:\/\/www.capilae.es\/blog\/744\/el-dr-juan-ruiz-director-de-capilae-en-telemadrid\" \/>\n<meta property=\"og:site_name\" content=\"Blog de Capilae.es\" \/>\n<meta property=\"article:publisher\" content=\"https:\/\/www.facebook.com\/pages\/Capilae-Cirug%c3%ada-de-Transplante-Capilar\/\" \/>\n<meta property=\"article:published_time\" content=\"2011-08-25T09:23:52+00:00\" \/>\n<meta property=\"article:modified_time\" content=\"2012-04-26T14:00:34+00:00\" \/>\n<meta name=\"author\" content=\"Admin_capilae\" \/>\n<meta name=\"twitter:label1\" content=\"Escrito por\" \/>\n\t<meta name=\"twitter:data1\" content=\"Admin_capilae\" \/>\n\t<meta name=\"twitter:label2\" content=\"Tiempo de lectura\" \/>\n\t<meta name=\"twitter:data2\" content=\"1 minuto\" \/>\n<script type=\"application\/ld+json\" class=\"yoast-schema-graph\">{\"@context\":\"https:\/\/schema.org\",\"@graph\":[{\"@type\":\"WebPage\",\"@id\":\"https:\/\/www.capilae.es\/blog\/744\/el-dr-juan-ruiz-director-de-capilae-en-telemadrid\",\"url\":\"https:\/\/www.capilae.es\/blog\/744\/el-dr-juan-ruiz-director-de-capilae-en-telemadrid\",\"name\":\"El Dr Juan Ruiz, Director de Capilae, en Telemadrid - Blog de Capilae.es\",\"isPartOf\":{\"@id\":\"https:\/\/www.capilae.es\/blog\/#website\"},\"datePublished\":\"2011-08-25T09:23:52+00:00\",\"dateModified\":\"2012-04-26T14:00:34+00:00\",\"author\":{\"@id\":\"https:\/\/www.capilae.es\/blog\/#\/schema\/person\/c34b65e8c9ccb890ea9dfab7aed9ca2a\"},\"breadcrumb\":{\"@id\":\"https:\/\/www.capilae.es\/blog\/744\/el-dr-juan-ruiz-director-de-capilae-en-telemadrid#breadcrumb\"},\"inLanguage\":\"es\",\"potentialAction\":[{\"@type\":\"ReadAction\",\"target\":[\"https:\/\/www.capilae.es\/blog\/744\/el-dr-juan-ruiz-director-de-capilae-en-telemadrid\"]}]},{\"@type\":\"BreadcrumbList\",\"@id\":\"https:\/\/www.capilae.es\/blog\/744\/el-dr-juan-ruiz-director-de-capilae-en-telemadrid#breadcrumb\",\"itemListElement\":[{\"@type\":\"ListItem\",\"position\":1,\"name\":\"Portada\",\"item\":\"https:\/\/www.capilae.es\/blog\"},{\"@type\":\"ListItem\",\"position\":2,\"name\":\"El Dr Juan Ruiz, Director de Capilae, en Telemadrid\"}]},{\"@type\":\"WebSite\",\"@id\":\"https:\/\/www.capilae.es\/blog\/#website\",\"url\":\"https:\/\/www.capilae.es\/blog\/\",\"name\":\"Blog de Capilae.es\",\"description\":\"Noticias sobre cirug\u00eda capilar y trasplante de pelo\",\"potentialAction\":[{\"@type\":\"SearchAction\",\"target\":{\"@type\":\"EntryPoint\",\"urlTemplate\":\"https:\/\/www.capilae.es\/blog\/?s={search_term_string}\"},\"query-input\":{\"@type\":\"PropertyValueSpecification\",\"valueRequired\":true,\"valueName\":\"search_term_string\"}}],\"inLanguage\":\"es\"},{\"@type\":\"Person\",\"@id\":\"https:\/\/www.capilae.es\/blog\/#\/schema\/person\/c34b65e8c9ccb890ea9dfab7aed9ca2a\",\"name\":\"Admin_capilae\",\"image\":{\"@type\":\"ImageObject\",\"inLanguage\":\"es\",\"@id\":\"https:\/\/www.capilae.es\/blog\/#\/schema\/person\/image\/\",\"url\":\"https:\/\/secure.gravatar.com\/avatar\/488c83d3df4f51db14c7dae37c008e2b772722231844b180843ec8eec93dc716?s=96&d=mm&r=g\",\"contentUrl\":\"https:\/\/secure.gravatar.com\/avatar\/488c83d3df4f51db14c7dae37c008e2b772722231844b180843ec8eec93dc716?s=96&d=mm&r=g\",\"caption\":\"Admin_capilae\"},\"url\":\"https:\/\/www.capilae.es\/blog\/author\/admin_capilae\"}]}<\/script>\n<!-- \/ Yoast SEO plugin. -->","yoast_head_json":{"title":"El Dr Juan Ruiz, Director de Capilae, en Telemadrid - Blog de Capilae.es","robots":{"index":"index","follow":"follow","max-snippet":"max-snippet:-1","max-image-preview":"max-image-preview:large","max-video-preview":"max-video-preview:-1"},"canonical":"https:\/\/www.capilae.es\/blog\/744\/el-dr-juan-ruiz-director-de-capilae-en-telemadrid","og_locale":"es_ES","og_type":"article","og_title":"El Dr Juan Ruiz, Director de Capilae, en Telemadrid - Blog de Capilae.es","og_description":"El Dr. Juan Ruiz fue entrevistado este lunes pasado, en el programa Buenos D\u00edas Madrid, de Telemadrid, acerca de la ca\u00edda del pelo en verano y oto\u00f1o, as\u00ed como las posibles medidas de prevenci\u00f3n que se deben tomar en estos casos. El Dr. Ruiz en Buenos D\u00edas Madrid El Dr. Ruiz explic\u00f3 lo \u00fatil de [&hellip;]","og_url":"https:\/\/www.capilae.es\/blog\/744\/el-dr-juan-ruiz-director-de-capilae-en-telemadrid","og_site_name":"Blog de Capilae.es","article_publisher":"https:\/\/www.facebook.com\/pages\/Capilae-Cirug%c3%ada-de-Transplante-Capilar\/","article_published_time":"2011-08-25T09:23:52+00:00","article_modified_time":"2012-04-26T14:00:34+00:00","author":"Admin_capilae","twitter_misc":{"Escrito por":"Admin_capilae","Tiempo de lectura":"1 minuto"},"schema":{"@context":"https:\/\/schema.org","@graph":[{"@type":"WebPage","@id":"https:\/\/www.capilae.es\/blog\/744\/el-dr-juan-ruiz-director-de-capilae-en-telemadrid","url":"https:\/\/www.capilae.es\/blog\/744\/el-dr-juan-ruiz-director-de-capilae-en-telemadrid","name":"El Dr Juan Ruiz, Director de Capilae, en Telemadrid - Blog de Capilae.es","isPartOf":{"@id":"https:\/\/www.capilae.es\/blog\/#website"},"datePublished":"2011-08-25T09:23:52+00:00","dateModified":"2012-04-26T14:00:34+00:00","author":{"@id":"https:\/\/www.capilae.es\/blog\/#\/schema\/person\/c34b65e8c9ccb890ea9dfab7aed9ca2a"},"breadcrumb":{"@id":"https:\/\/www.capilae.es\/blog\/744\/el-dr-juan-ruiz-director-de-capilae-en-telemadrid#breadcrumb"},"inLanguage":"es","potentialAction":[{"@type":"ReadAction","target":["https:\/\/www.capilae.es\/blog\/744\/el-dr-juan-ruiz-director-de-capilae-en-telemadrid"]}]},{"@type":"BreadcrumbList","@id":"https:\/\/www.capilae.es\/blog\/744\/el-dr-juan-ruiz-director-de-capilae-en-telemadrid#breadcrumb","itemListElement":[{"@type":"ListItem","position":1,"name":"Portada","item":"https:\/\/www.capilae.es\/blog"},{"@type":"ListItem","position":2,"name":"El Dr Juan Ruiz, Director de Capilae, en Telemadrid"}]},{"@type":"WebSite","@id":"https:\/\/www.capilae.es\/blog\/#website","url":"https:\/\/www.capilae.es\/blog\/","name":"Blog de Capilae.es","description":"Noticias sobre cirug\u00eda capilar y trasplante de pelo","potentialAction":[{"@type":"SearchAction","target":{"@type":"EntryPoint","urlTemplate":"https:\/\/www.capilae.es\/blog\/?s={search_term_string}"},"query-input":{"@type":"PropertyValueSpecification","valueRequired":true,"valueName":"search_term_string"}}],"inLanguage":"es"},{"@type":"Person","@id":"https:\/\/www.capilae.es\/blog\/#\/schema\/person\/c34b65e8c9ccb890ea9dfab7aed9ca2a","name":"Admin_capilae","image":{"@type":"ImageObject","inLanguage":"es","@id":"https:\/\/www.capilae.es\/blog\/#\/schema\/person\/image\/","url":"https:\/\/secure.gravatar.com\/avatar\/488c83d3df4f51db14c7dae37c008e2b772722231844b180843ec8eec93dc716?s=96&d=mm&r=g","contentUrl":"https:\/\/secure.gravatar.com\/avatar\/488c83d3df4f51db14c7dae37c008e2b772722231844b180843ec8eec93dc716?s=96&d=mm&r=g","caption":"Admin_capilae"},"url":"https:\/\/www.capilae.es\/blog\/author\/admin_capilae"}]}},"_links":{"self":[{"href":"https:\/\/www.capilae.es\/blog\/wp-json\/wp\/v2\/posts\/744","targetHints":{"allow":["GET"]}}],"collection":[{"href":"https:\/\/www.capilae.es\/blog\/wp-json\/wp\/v2\/posts"}],"about":[{"href":"https:\/\/www.capilae.es\/blog\/wp-json\/wp\/v2\/types\/post"}],"author":[{"embeddable":true,"href":"https:\/\/www.capilae.es\/blog\/wp-json\/wp\/v2\/users\/1"}],"replies":[{"embeddable":true,"href":"https:\/\/www.capilae.es\/blog\/wp-json\/wp\/v2\/comments?post=744"}],"version-history":[{"count":1,"href":"https:\/\/www.capilae.es\/blog\/wp-json\/wp\/v2\/posts\/744\/revisions"}],"predecessor-version":[{"id":819,"href":"https:\/\/www.capilae.es\/blog\/wp-json\/wp\/v2\/posts\/744\/revisions\/819"}],"wp:attachment":[{"href":"https:\/\/www.capilae.es\/blog\/wp-json\/wp\/v2\/media?parent=744"}],"wp:term":[{"taxonomy":"category","embeddable":true,"href":"https:\/\/www.capilae.es\/blog\/wp-json\/wp\/v2\/categories?post=744"},{"taxonomy":"post_tag","embeddable":true,"href":"https:\/\/www.capilae.es\/blog\/wp-json\/wp\/v2\/tags?post=744"}],"curies":[{"name":"wp","href":"https:\/\/api.w.org\/{rel}","templated":true}]}}