{"id":767,"date":"2011-09-09T11:38:32","date_gmt":"2011-09-09T09:38:32","guid":{"rendered":"http:\/\/capilae.es\/old\/?p=767"},"modified":"2015-03-06T14:09:12","modified_gmt":"2015-03-06T13:09:12","slug":"por-que-ya-debe-haber-riesgo-de-quede-el-pelo-de-muneca","status":"publish","type":"post","link":"https:\/\/www.capilae.es\/blog\/767\/por-que-ya-debe-haber-riesgo-de-quede-el-pelo-de-muneca","title":{"rendered":"\u00bfPor qu\u00e9 ya no debe haber riesgo de que quede el pelo de mu\u00f1eca?"},"content":{"rendered":"<p>El pelo de mu\u00f1eca es un defecto de t\u00e9cnica en el transplante de pelo que ocurre cuando se utilizan t\u00e9cnicas ya desactualizadas.<\/p>\n<p>En un primer momento de los transplantes de pelo (desarrollados por los japoneses en los a\u00f1os 30 y retomados por Finlandia en los 50) se realizaban extrayendo punches de varios mil\u00edmetros de di\u00e1metro e implantando dichos mechones en la zona a cubrir. Entre que los materiales quir\u00fargicos no eran los m\u00e1s adecuados y no se conoc\u00eda bien el desarrollo de la alopecia androgen\u00e9tica, se despoblaba la zona y quedaban los mechones separados unos de otros y daban ese aspecto de pelo de mu\u00f1eca.<\/p>\n<p>A d\u00eda de hoy esto NUNCA debe ocurrir. Conocemos lo suficiente de la evoluci\u00f3n de la alopecia y los cirujanos tenemos a nuestra disposici\u00f3n instrumental microsc\u00f3pico. Usamos lentes de aumento para operar y se trabaja con microscopios a la hora de cortar los injertos, es por ello, que ahora se habla de las unidades foliculares (UFs)<\/p>\n<p><a href=\"http:\/\/capilae.es\/old\/wp-content\/uploads\/2011\/09\/IMG_0022-300x153.jpg\"><img loading=\"lazy\" decoding=\"async\" class=\"aligncenter wp-image-768 size-medium\" title=\"IMG_0022\" src=\"http:\/\/capilae.es\/old\/wp-content\/uploads\/2011\/09\/IMG_0022-300x153.jpg\" alt=\"\" width=\"300\" height=\"153\" \/><\/a><\/p>\n<p>Las unidades foliculares son las agrupaciones anat\u00f3micas naturales en las que se dispone el pelo, y consisten en UFs de 1, 2 3 y a lo sumo 4 pelos. Nunca deben implantarse m\u00e1s de eso, aunque a\u00fan hay controversia de si en zonas como la cornilla se pueden implantar lo que se llaman MUFs, agrupaciones de UFs de 3 y 4 pelos. Yo, personalmente, estoy contra esa t\u00e9cnica.<\/p>\n<p>As\u00ed, si se usan las Ufs de 1 y 2 pelos para rellenar la zona frontal, y las de 3 y 4 para dar densidad tendremos un resultado totalmente natural en nuestro implante capilar.<img loading=\"lazy\" decoding=\"async\" class=\"size-medium wp-image-769\" title=\"IMG_0013\" src=\"http:\/\/capilae.es\/old\/wp-content\/uploads\/2011\/09\/IMG_0013-300x245.jpg\" alt=\"\" width=\"300\" height=\"245\" \/>\u00a0\u00a0<img loading=\"lazy\" decoding=\"async\" class=\"size-medium wp-image-770\" title=\"IMG_0014\" src=\"http:\/\/capilae.es\/old\/wp-content\/uploads\/2011\/09\/IMG_0014-300x253.jpg\" alt=\"\" width=\"300\" height=\"253\" \/><\/p>\n<h2 style=\"text-align: center;\">\u00a0 \u00a0 \u00a0 \u00a0 \u00a0 \u00a0 \u00a0 \u00a0 <strong>\u00a0 Antes y despu\u00e9s<\/strong><\/h2>\n","protected":false},"excerpt":{"rendered":"<p>El pelo de mu\u00f1eca es un defecto de t\u00e9cnica en el transplante de pelo que ocurre cuando se utilizan t\u00e9cnicas ya desactualizadas. En un primer momento de los transplantes de pelo (desarrollados por los japoneses en los a\u00f1os 30 y retomados por Finlandia en los 50) se realizaban extrayendo punches de varios mil\u00edmetros de di\u00e1metro [&hellip;]<\/p>\n","protected":false},"author":1,"featured_media":0,"comment_status":"open","ping_status":"closed","sticky":false,"template":"","format":"standard","meta":{"footnotes":""},"categories":[88,101,75,1],"tags":[22,23,24,16,25,26],"class_list":["post-767","post","type-post","status-publish","format-standard","hentry","category-cirugia-capilar-2","category-injerto-capilar","category-noticias","category-todo-el-contenido","tag-pelo-de-muneca","tag-pelos","tag-punches","tag-ufs","tag-unidad-folicular","tag-zona-frontal"],"yoast_head":"<!-- This site is optimized with the Yoast SEO plugin v23.9 - https:\/\/yoast.com\/wordpress\/plugins\/seo\/ -->\n<title>\u00bfPor qu\u00e9 ya no debe haber riesgo de que quede el pelo de mu\u00f1eca? - Blog de Capilae.es<\/title>\n<meta name=\"robots\" content=\"index, follow, max-snippet:-1, max-image-preview:large, max-video-preview:-1\" \/>\n<link rel=\"canonical\" href=\"https:\/\/www.capilae.es\/blog\/767\/por-que-ya-debe-haber-riesgo-de-quede-el-pelo-de-muneca\" \/>\n<meta property=\"og:locale\" content=\"es_ES\" \/>\n<meta property=\"og:type\" content=\"article\" \/>\n<meta property=\"og:title\" content=\"\u00bfPor qu\u00e9 ya no debe haber riesgo de que quede el pelo de mu\u00f1eca? - Blog de Capilae.es\" \/>\n<meta property=\"og:description\" content=\"El pelo de mu\u00f1eca es un defecto de t\u00e9cnica en el transplante de pelo que ocurre cuando se utilizan t\u00e9cnicas ya desactualizadas. En un primer momento de los transplantes de pelo (desarrollados por los japoneses en los a\u00f1os 30 y retomados por Finlandia en los 50) se realizaban extrayendo punches de varios mil\u00edmetros de di\u00e1metro [&hellip;]\" \/>\n<meta property=\"og:url\" content=\"https:\/\/www.capilae.es\/blog\/767\/por-que-ya-debe-haber-riesgo-de-quede-el-pelo-de-muneca\" \/>\n<meta property=\"og:site_name\" content=\"Blog de Capilae.es\" \/>\n<meta property=\"article:publisher\" content=\"https:\/\/www.facebook.com\/pages\/Capilae-Cirug%c3%ada-de-Transplante-Capilar\/\" \/>\n<meta property=\"article:published_time\" content=\"2011-09-09T09:38:32+00:00\" \/>\n<meta property=\"article:modified_time\" content=\"2015-03-06T13:09:12+00:00\" \/>\n<meta property=\"og:image\" content=\"http:\/\/capilae.es\/old\/wp-content\/uploads\/2011\/09\/IMG_0022-300x153.jpg\" \/>\n<meta name=\"author\" content=\"Admin_capilae\" \/>\n<meta name=\"twitter:label1\" content=\"Escrito por\" \/>\n\t<meta name=\"twitter:data1\" content=\"Admin_capilae\" \/>\n\t<meta name=\"twitter:label2\" content=\"Tiempo de lectura\" \/>\n\t<meta name=\"twitter:data2\" content=\"1 minuto\" \/>\n<script type=\"application\/ld+json\" class=\"yoast-schema-graph\">{\"@context\":\"https:\/\/schema.org\",\"@graph\":[{\"@type\":\"WebPage\",\"@id\":\"https:\/\/www.capilae.es\/blog\/767\/por-que-ya-debe-haber-riesgo-de-quede-el-pelo-de-muneca\",\"url\":\"https:\/\/www.capilae.es\/blog\/767\/por-que-ya-debe-haber-riesgo-de-quede-el-pelo-de-muneca\",\"name\":\"\u00bfPor qu\u00e9 ya no debe haber riesgo de que quede el pelo de mu\u00f1eca? - Blog de Capilae.es\",\"isPartOf\":{\"@id\":\"https:\/\/www.capilae.es\/blog\/#website\"},\"primaryImageOfPage\":{\"@id\":\"https:\/\/www.capilae.es\/blog\/767\/por-que-ya-debe-haber-riesgo-de-quede-el-pelo-de-muneca#primaryimage\"},\"image\":{\"@id\":\"https:\/\/www.capilae.es\/blog\/767\/por-que-ya-debe-haber-riesgo-de-quede-el-pelo-de-muneca#primaryimage\"},\"thumbnailUrl\":\"http:\/\/capilae.es\/old\/wp-content\/uploads\/2011\/09\/IMG_0022-300x153.jpg\",\"datePublished\":\"2011-09-09T09:38:32+00:00\",\"dateModified\":\"2015-03-06T13:09:12+00:00\",\"author\":{\"@id\":\"https:\/\/www.capilae.es\/blog\/#\/schema\/person\/c34b65e8c9ccb890ea9dfab7aed9ca2a\"},\"breadcrumb\":{\"@id\":\"https:\/\/www.capilae.es\/blog\/767\/por-que-ya-debe-haber-riesgo-de-quede-el-pelo-de-muneca#breadcrumb\"},\"inLanguage\":\"es\",\"potentialAction\":[{\"@type\":\"ReadAction\",\"target\":[\"https:\/\/www.capilae.es\/blog\/767\/por-que-ya-debe-haber-riesgo-de-quede-el-pelo-de-muneca\"]}]},{\"@type\":\"ImageObject\",\"inLanguage\":\"es\",\"@id\":\"https:\/\/www.capilae.es\/blog\/767\/por-que-ya-debe-haber-riesgo-de-quede-el-pelo-de-muneca#primaryimage\",\"url\":\"http:\/\/capilae.es\/old\/wp-content\/uploads\/2011\/09\/IMG_0022-300x153.jpg\",\"contentUrl\":\"http:\/\/capilae.es\/old\/wp-content\/uploads\/2011\/09\/IMG_0022-300x153.jpg\"},{\"@type\":\"BreadcrumbList\",\"@id\":\"https:\/\/www.capilae.es\/blog\/767\/por-que-ya-debe-haber-riesgo-de-quede-el-pelo-de-muneca#breadcrumb\",\"itemListElement\":[{\"@type\":\"ListItem\",\"position\":1,\"name\":\"Portada\",\"item\":\"https:\/\/www.capilae.es\/blog\"},{\"@type\":\"ListItem\",\"position\":2,\"name\":\"\u00bfPor qu\u00e9 ya no debe haber riesgo de que quede el pelo de mu\u00f1eca?\"}]},{\"@type\":\"WebSite\",\"@id\":\"https:\/\/www.capilae.es\/blog\/#website\",\"url\":\"https:\/\/www.capilae.es\/blog\/\",\"name\":\"Blog de Capilae.es\",\"description\":\"Noticias sobre cirug\u00eda capilar y trasplante de pelo\",\"potentialAction\":[{\"@type\":\"SearchAction\",\"target\":{\"@type\":\"EntryPoint\",\"urlTemplate\":\"https:\/\/www.capilae.es\/blog\/?s={search_term_string}\"},\"query-input\":{\"@type\":\"PropertyValueSpecification\",\"valueRequired\":true,\"valueName\":\"search_term_string\"}}],\"inLanguage\":\"es\"},{\"@type\":\"Person\",\"@id\":\"https:\/\/www.capilae.es\/blog\/#\/schema\/person\/c34b65e8c9ccb890ea9dfab7aed9ca2a\",\"name\":\"Admin_capilae\",\"image\":{\"@type\":\"ImageObject\",\"inLanguage\":\"es\",\"@id\":\"https:\/\/www.capilae.es\/blog\/#\/schema\/person\/image\/\",\"url\":\"https:\/\/secure.gravatar.com\/avatar\/488c83d3df4f51db14c7dae37c008e2b772722231844b180843ec8eec93dc716?s=96&d=mm&r=g\",\"contentUrl\":\"https:\/\/secure.gravatar.com\/avatar\/488c83d3df4f51db14c7dae37c008e2b772722231844b180843ec8eec93dc716?s=96&d=mm&r=g\",\"caption\":\"Admin_capilae\"},\"url\":\"https:\/\/www.capilae.es\/blog\/author\/admin_capilae\"}]}<\/script>\n<!-- \/ Yoast SEO plugin. -->","yoast_head_json":{"title":"\u00bfPor qu\u00e9 ya no debe haber riesgo de que quede el pelo de mu\u00f1eca? - Blog de Capilae.es","robots":{"index":"index","follow":"follow","max-snippet":"max-snippet:-1","max-image-preview":"max-image-preview:large","max-video-preview":"max-video-preview:-1"},"canonical":"https:\/\/www.capilae.es\/blog\/767\/por-que-ya-debe-haber-riesgo-de-quede-el-pelo-de-muneca","og_locale":"es_ES","og_type":"article","og_title":"\u00bfPor qu\u00e9 ya no debe haber riesgo de que quede el pelo de mu\u00f1eca? - Blog de Capilae.es","og_description":"El pelo de mu\u00f1eca es un defecto de t\u00e9cnica en el transplante de pelo que ocurre cuando se utilizan t\u00e9cnicas ya desactualizadas. En un primer momento de los transplantes de pelo (desarrollados por los japoneses en los a\u00f1os 30 y retomados por Finlandia en los 50) se realizaban extrayendo punches de varios mil\u00edmetros de di\u00e1metro [&hellip;]","og_url":"https:\/\/www.capilae.es\/blog\/767\/por-que-ya-debe-haber-riesgo-de-quede-el-pelo-de-muneca","og_site_name":"Blog de Capilae.es","article_publisher":"https:\/\/www.facebook.com\/pages\/Capilae-Cirug%c3%ada-de-Transplante-Capilar\/","article_published_time":"2011-09-09T09:38:32+00:00","article_modified_time":"2015-03-06T13:09:12+00:00","og_image":[{"url":"http:\/\/capilae.es\/old\/wp-content\/uploads\/2011\/09\/IMG_0022-300x153.jpg"}],"author":"Admin_capilae","twitter_misc":{"Escrito por":"Admin_capilae","Tiempo de lectura":"1 minuto"},"schema":{"@context":"https:\/\/schema.org","@graph":[{"@type":"WebPage","@id":"https:\/\/www.capilae.es\/blog\/767\/por-que-ya-debe-haber-riesgo-de-quede-el-pelo-de-muneca","url":"https:\/\/www.capilae.es\/blog\/767\/por-que-ya-debe-haber-riesgo-de-quede-el-pelo-de-muneca","name":"\u00bfPor qu\u00e9 ya no debe haber riesgo de que quede el pelo de mu\u00f1eca? - Blog de Capilae.es","isPartOf":{"@id":"https:\/\/www.capilae.es\/blog\/#website"},"primaryImageOfPage":{"@id":"https:\/\/www.capilae.es\/blog\/767\/por-que-ya-debe-haber-riesgo-de-quede-el-pelo-de-muneca#primaryimage"},"image":{"@id":"https:\/\/www.capilae.es\/blog\/767\/por-que-ya-debe-haber-riesgo-de-quede-el-pelo-de-muneca#primaryimage"},"thumbnailUrl":"http:\/\/capilae.es\/old\/wp-content\/uploads\/2011\/09\/IMG_0022-300x153.jpg","datePublished":"2011-09-09T09:38:32+00:00","dateModified":"2015-03-06T13:09:12+00:00","author":{"@id":"https:\/\/www.capilae.es\/blog\/#\/schema\/person\/c34b65e8c9ccb890ea9dfab7aed9ca2a"},"breadcrumb":{"@id":"https:\/\/www.capilae.es\/blog\/767\/por-que-ya-debe-haber-riesgo-de-quede-el-pelo-de-muneca#breadcrumb"},"inLanguage":"es","potentialAction":[{"@type":"ReadAction","target":["https:\/\/www.capilae.es\/blog\/767\/por-que-ya-debe-haber-riesgo-de-quede-el-pelo-de-muneca"]}]},{"@type":"ImageObject","inLanguage":"es","@id":"https:\/\/www.capilae.es\/blog\/767\/por-que-ya-debe-haber-riesgo-de-quede-el-pelo-de-muneca#primaryimage","url":"http:\/\/capilae.es\/old\/wp-content\/uploads\/2011\/09\/IMG_0022-300x153.jpg","contentUrl":"http:\/\/capilae.es\/old\/wp-content\/uploads\/2011\/09\/IMG_0022-300x153.jpg"},{"@type":"BreadcrumbList","@id":"https:\/\/www.capilae.es\/blog\/767\/por-que-ya-debe-haber-riesgo-de-quede-el-pelo-de-muneca#breadcrumb","itemListElement":[{"@type":"ListItem","position":1,"name":"Portada","item":"https:\/\/www.capilae.es\/blog"},{"@type":"ListItem","position":2,"name":"\u00bfPor qu\u00e9 ya no debe haber riesgo de que quede el pelo de mu\u00f1eca?"}]},{"@type":"WebSite","@id":"https:\/\/www.capilae.es\/blog\/#website","url":"https:\/\/www.capilae.es\/blog\/","name":"Blog de Capilae.es","description":"Noticias sobre cirug\u00eda capilar y trasplante de pelo","potentialAction":[{"@type":"SearchAction","target":{"@type":"EntryPoint","urlTemplate":"https:\/\/www.capilae.es\/blog\/?s={search_term_string}"},"query-input":{"@type":"PropertyValueSpecification","valueRequired":true,"valueName":"search_term_string"}}],"inLanguage":"es"},{"@type":"Person","@id":"https:\/\/www.capilae.es\/blog\/#\/schema\/person\/c34b65e8c9ccb890ea9dfab7aed9ca2a","name":"Admin_capilae","image":{"@type":"ImageObject","inLanguage":"es","@id":"https:\/\/www.capilae.es\/blog\/#\/schema\/person\/image\/","url":"https:\/\/secure.gravatar.com\/avatar\/488c83d3df4f51db14c7dae37c008e2b772722231844b180843ec8eec93dc716?s=96&d=mm&r=g","contentUrl":"https:\/\/secure.gravatar.com\/avatar\/488c83d3df4f51db14c7dae37c008e2b772722231844b180843ec8eec93dc716?s=96&d=mm&r=g","caption":"Admin_capilae"},"url":"https:\/\/www.capilae.es\/blog\/author\/admin_capilae"}]}},"_links":{"self":[{"href":"https:\/\/www.capilae.es\/blog\/wp-json\/wp\/v2\/posts\/767","targetHints":{"allow":["GET"]}}],"collection":[{"href":"https:\/\/www.capilae.es\/blog\/wp-json\/wp\/v2\/posts"}],"about":[{"href":"https:\/\/www.capilae.es\/blog\/wp-json\/wp\/v2\/types\/post"}],"author":[{"embeddable":true,"href":"https:\/\/www.capilae.es\/blog\/wp-json\/wp\/v2\/users\/1"}],"replies":[{"embeddable":true,"href":"https:\/\/www.capilae.es\/blog\/wp-json\/wp\/v2\/comments?post=767"}],"version-history":[{"count":8,"href":"https:\/\/www.capilae.es\/blog\/wp-json\/wp\/v2\/posts\/767\/revisions"}],"predecessor-version":[{"id":1031,"href":"https:\/\/www.capilae.es\/blog\/wp-json\/wp\/v2\/posts\/767\/revisions\/1031"}],"wp:attachment":[{"href":"https:\/\/www.capilae.es\/blog\/wp-json\/wp\/v2\/media?parent=767"}],"wp:term":[{"taxonomy":"category","embeddable":true,"href":"https:\/\/www.capilae.es\/blog\/wp-json\/wp\/v2\/categories?post=767"},{"taxonomy":"post_tag","embeddable":true,"href":"https:\/\/www.capilae.es\/blog\/wp-json\/wp\/v2\/tags?post=767"}],"curies":[{"name":"wp","href":"https:\/\/api.w.org\/{rel}","templated":true}]}}