{"id":789,"date":"2011-09-20T13:20:14","date_gmt":"2011-09-20T11:20:14","guid":{"rendered":"http:\/\/capilae.es\/old\/?p=789"},"modified":"2015-01-27T17:42:36","modified_gmt":"2015-01-27T16:42:36","slug":"exito-en-la-1%c2%aa-edicion-del-curso-de-mesoterapia-para-fisioterapeutas","status":"publish","type":"post","link":"https:\/\/www.capilae.es\/blog\/789\/exito-en-la-1%c2%aa-edicion-del-curso-de-mesoterapia-para-fisioterapeutas","title":{"rendered":"Exito en la 1\u00aa edici\u00f3n del Curso de Mesoterapia para Fisioterapeutas"},"content":{"rendered":"<p>El Dr. Juan Ruiz Alconero, Director de Capilae, ha impartido este pasado fin de semana, la primera edici\u00f3n del curso Mesoterapia para Fisioterapeutas, organizado por <a href=\"http:\/\/www.mvclinic.es\" target=\"_blank\">mvclinic<\/a>, con gran \u00e9xito, ya que en un mes tendr\u00e1 que dar la 2\u00aa edici\u00f3n de dicho curso por la gran afluencia y expectaci\u00f3n que ha creado esta t\u00e9cnica y su uso en fisioterapia.<\/p>\n<p style=\"text-align: center;\"><img loading=\"lazy\" decoding=\"async\" class=\"size-medium wp-image-790 aligncenter\" title=\"Curso.Meso.3\" src=\"http:\/\/capilae.es\/old\/wp-content\/uploads\/2011\/09\/Curso.Meso_.3-300x168.jpg\" alt=\"\" width=\"300\" height=\"168\" \/><\/p>\n<p style=\"text-align: left;\">Dividido en una parte te\u00f3rica y otra pr\u00e1ctica, se trataron temas como la medicaci\u00f3n homeop\u00e1tica, alop\u00e1tica y el siempre interesante tema de los factores de crecimiento.<\/p>\n<p style=\"text-align: left;\"><img loading=\"lazy\" decoding=\"async\" class=\"size-medium wp-image-791 aligncenter\" title=\"Curso.Meso.1\" src=\"http:\/\/capilae.es\/old\/wp-content\/uploads\/2011\/09\/Curso.Meso_.1-300x168.jpg\" alt=\"\" width=\"300\" height=\"168\" \/><\/p>\n<p style=\"text-align: left;\">Al curso, de 20 horas de duraci\u00f3n, asistieron 24 fisioterapeutas de toda Espa\u00f1a, punteros en su campo.<\/p>\n<p style=\"text-align: center;\">\n","protected":false},"excerpt":{"rendered":"<p>El Dr. Juan Ruiz Alconero, Director de Capilae, ha impartido este pasado fin de semana, la primera edici\u00f3n del curso Mesoterapia para Fisioterapeutas, organizado por mvclinic, con gran \u00e9xito, ya que en un mes tendr\u00e1 que dar la 2\u00aa edici\u00f3n de dicho curso por la gran afluencia y expectaci\u00f3n que ha creado esta t\u00e9cnica y [&hellip;]<\/p>\n","protected":false},"author":1,"featured_media":0,"comment_status":"open","ping_status":"closed","sticky":false,"template":"","format":"standard","meta":{"footnotes":""},"categories":[75],"tags":[27,28,29,30],"class_list":["post-789","post","type-post","status-publish","format-standard","hentry","category-noticias","tag-fisioterapia","tag-juan-ruiz-alconero","tag-mesoterapia","tag-mvclinic"],"yoast_head":"<!-- This site is optimized with the Yoast SEO plugin v23.9 - https:\/\/yoast.com\/wordpress\/plugins\/seo\/ -->\n<title>Exito en la 1\u00aa edici\u00f3n del Curso de Mesoterapia para Fisioterapeutas - Blog de Capilae.es<\/title>\n<meta name=\"robots\" content=\"index, follow, max-snippet:-1, max-image-preview:large, max-video-preview:-1\" \/>\n<link rel=\"canonical\" href=\"https:\/\/www.capilae.es\/blog\/789\/exito-en-la-1\u00aa-edicion-del-curso-de-mesoterapia-para-fisioterapeutas\" \/>\n<meta property=\"og:locale\" content=\"es_ES\" \/>\n<meta property=\"og:type\" content=\"article\" \/>\n<meta property=\"og:title\" content=\"Exito en la 1\u00aa edici\u00f3n del Curso de Mesoterapia para Fisioterapeutas - Blog de Capilae.es\" \/>\n<meta property=\"og:description\" content=\"El Dr. Juan Ruiz Alconero, Director de Capilae, ha impartido este pasado fin de semana, la primera edici\u00f3n del curso Mesoterapia para Fisioterapeutas, organizado por mvclinic, con gran \u00e9xito, ya que en un mes tendr\u00e1 que dar la 2\u00aa edici\u00f3n de dicho curso por la gran afluencia y expectaci\u00f3n que ha creado esta t\u00e9cnica y [&hellip;]\" \/>\n<meta property=\"og:url\" content=\"https:\/\/www.capilae.es\/blog\/789\/exito-en-la-1\u00aa-edicion-del-curso-de-mesoterapia-para-fisioterapeutas\" \/>\n<meta property=\"og:site_name\" content=\"Blog de Capilae.es\" \/>\n<meta property=\"article:publisher\" content=\"https:\/\/www.facebook.com\/pages\/Capilae-Cirug%c3%ada-de-Transplante-Capilar\/\" \/>\n<meta property=\"article:published_time\" content=\"2011-09-20T11:20:14+00:00\" \/>\n<meta property=\"article:modified_time\" content=\"2015-01-27T16:42:36+00:00\" \/>\n<meta property=\"og:image\" content=\"http:\/\/capilae.es\/old\/wp-content\/uploads\/2011\/09\/Curso.Meso_.3-300x168.jpg\" \/>\n<meta name=\"author\" content=\"Admin_capilae\" \/>\n<meta name=\"twitter:label1\" content=\"Escrito por\" \/>\n\t<meta name=\"twitter:data1\" content=\"Admin_capilae\" \/>\n\t<meta name=\"twitter:label2\" content=\"Tiempo de lectura\" \/>\n\t<meta name=\"twitter:data2\" content=\"1 minuto\" \/>\n<script type=\"application\/ld+json\" class=\"yoast-schema-graph\">{\"@context\":\"https:\/\/schema.org\",\"@graph\":[{\"@type\":\"WebPage\",\"@id\":\"https:\/\/www.capilae.es\/blog\/789\/exito-en-la-1%c2%aa-edicion-del-curso-de-mesoterapia-para-fisioterapeutas\",\"url\":\"https:\/\/www.capilae.es\/blog\/789\/exito-en-la-1%c2%aa-edicion-del-curso-de-mesoterapia-para-fisioterapeutas\",\"name\":\"Exito en la 1\u00aa edici\u00f3n del Curso de Mesoterapia para Fisioterapeutas - Blog de Capilae.es\",\"isPartOf\":{\"@id\":\"https:\/\/www.capilae.es\/blog\/#website\"},\"primaryImageOfPage\":{\"@id\":\"https:\/\/www.capilae.es\/blog\/789\/exito-en-la-1%c2%aa-edicion-del-curso-de-mesoterapia-para-fisioterapeutas#primaryimage\"},\"image\":{\"@id\":\"https:\/\/www.capilae.es\/blog\/789\/exito-en-la-1%c2%aa-edicion-del-curso-de-mesoterapia-para-fisioterapeutas#primaryimage\"},\"thumbnailUrl\":\"http:\/\/capilae.es\/old\/wp-content\/uploads\/2011\/09\/Curso.Meso_.3-300x168.jpg\",\"datePublished\":\"2011-09-20T11:20:14+00:00\",\"dateModified\":\"2015-01-27T16:42:36+00:00\",\"author\":{\"@id\":\"https:\/\/www.capilae.es\/blog\/#\/schema\/person\/c34b65e8c9ccb890ea9dfab7aed9ca2a\"},\"breadcrumb\":{\"@id\":\"https:\/\/www.capilae.es\/blog\/789\/exito-en-la-1%c2%aa-edicion-del-curso-de-mesoterapia-para-fisioterapeutas#breadcrumb\"},\"inLanguage\":\"es\",\"potentialAction\":[{\"@type\":\"ReadAction\",\"target\":[\"https:\/\/www.capilae.es\/blog\/789\/exito-en-la-1%c2%aa-edicion-del-curso-de-mesoterapia-para-fisioterapeutas\"]}]},{\"@type\":\"ImageObject\",\"inLanguage\":\"es\",\"@id\":\"https:\/\/www.capilae.es\/blog\/789\/exito-en-la-1%c2%aa-edicion-del-curso-de-mesoterapia-para-fisioterapeutas#primaryimage\",\"url\":\"http:\/\/capilae.es\/old\/wp-content\/uploads\/2011\/09\/Curso.Meso_.3-300x168.jpg\",\"contentUrl\":\"http:\/\/capilae.es\/old\/wp-content\/uploads\/2011\/09\/Curso.Meso_.3-300x168.jpg\"},{\"@type\":\"BreadcrumbList\",\"@id\":\"https:\/\/www.capilae.es\/blog\/789\/exito-en-la-1%c2%aa-edicion-del-curso-de-mesoterapia-para-fisioterapeutas#breadcrumb\",\"itemListElement\":[{\"@type\":\"ListItem\",\"position\":1,\"name\":\"Portada\",\"item\":\"https:\/\/www.capilae.es\/blog\"},{\"@type\":\"ListItem\",\"position\":2,\"name\":\"Exito en la 1\u00aa edici\u00f3n del Curso de Mesoterapia para Fisioterapeutas\"}]},{\"@type\":\"WebSite\",\"@id\":\"https:\/\/www.capilae.es\/blog\/#website\",\"url\":\"https:\/\/www.capilae.es\/blog\/\",\"name\":\"Blog de Capilae.es\",\"description\":\"Noticias sobre cirug\u00eda capilar y trasplante de pelo\",\"potentialAction\":[{\"@type\":\"SearchAction\",\"target\":{\"@type\":\"EntryPoint\",\"urlTemplate\":\"https:\/\/www.capilae.es\/blog\/?s={search_term_string}\"},\"query-input\":{\"@type\":\"PropertyValueSpecification\",\"valueRequired\":true,\"valueName\":\"search_term_string\"}}],\"inLanguage\":\"es\"},{\"@type\":\"Person\",\"@id\":\"https:\/\/www.capilae.es\/blog\/#\/schema\/person\/c34b65e8c9ccb890ea9dfab7aed9ca2a\",\"name\":\"Admin_capilae\",\"image\":{\"@type\":\"ImageObject\",\"inLanguage\":\"es\",\"@id\":\"https:\/\/www.capilae.es\/blog\/#\/schema\/person\/image\/\",\"url\":\"https:\/\/secure.gravatar.com\/avatar\/488c83d3df4f51db14c7dae37c008e2b772722231844b180843ec8eec93dc716?s=96&d=mm&r=g\",\"contentUrl\":\"https:\/\/secure.gravatar.com\/avatar\/488c83d3df4f51db14c7dae37c008e2b772722231844b180843ec8eec93dc716?s=96&d=mm&r=g\",\"caption\":\"Admin_capilae\"},\"url\":\"https:\/\/www.capilae.es\/blog\/author\/admin_capilae\"}]}<\/script>\n<!-- \/ Yoast SEO plugin. -->","yoast_head_json":{"title":"Exito en la 1\u00aa edici\u00f3n del Curso de Mesoterapia para Fisioterapeutas - Blog de Capilae.es","robots":{"index":"index","follow":"follow","max-snippet":"max-snippet:-1","max-image-preview":"max-image-preview:large","max-video-preview":"max-video-preview:-1"},"canonical":"https:\/\/www.capilae.es\/blog\/789\/exito-en-la-1\u00aa-edicion-del-curso-de-mesoterapia-para-fisioterapeutas","og_locale":"es_ES","og_type":"article","og_title":"Exito en la 1\u00aa edici\u00f3n del Curso de Mesoterapia para Fisioterapeutas - Blog de Capilae.es","og_description":"El Dr. Juan Ruiz Alconero, Director de Capilae, ha impartido este pasado fin de semana, la primera edici\u00f3n del curso Mesoterapia para Fisioterapeutas, organizado por mvclinic, con gran \u00e9xito, ya que en un mes tendr\u00e1 que dar la 2\u00aa edici\u00f3n de dicho curso por la gran afluencia y expectaci\u00f3n que ha creado esta t\u00e9cnica y [&hellip;]","og_url":"https:\/\/www.capilae.es\/blog\/789\/exito-en-la-1\u00aa-edicion-del-curso-de-mesoterapia-para-fisioterapeutas","og_site_name":"Blog de Capilae.es","article_publisher":"https:\/\/www.facebook.com\/pages\/Capilae-Cirug%c3%ada-de-Transplante-Capilar\/","article_published_time":"2011-09-20T11:20:14+00:00","article_modified_time":"2015-01-27T16:42:36+00:00","og_image":[{"url":"http:\/\/capilae.es\/old\/wp-content\/uploads\/2011\/09\/Curso.Meso_.3-300x168.jpg"}],"author":"Admin_capilae","twitter_misc":{"Escrito por":"Admin_capilae","Tiempo de lectura":"1 minuto"},"schema":{"@context":"https:\/\/schema.org","@graph":[{"@type":"WebPage","@id":"https:\/\/www.capilae.es\/blog\/789\/exito-en-la-1%c2%aa-edicion-del-curso-de-mesoterapia-para-fisioterapeutas","url":"https:\/\/www.capilae.es\/blog\/789\/exito-en-la-1%c2%aa-edicion-del-curso-de-mesoterapia-para-fisioterapeutas","name":"Exito en la 1\u00aa edici\u00f3n del Curso de Mesoterapia para Fisioterapeutas - Blog de Capilae.es","isPartOf":{"@id":"https:\/\/www.capilae.es\/blog\/#website"},"primaryImageOfPage":{"@id":"https:\/\/www.capilae.es\/blog\/789\/exito-en-la-1%c2%aa-edicion-del-curso-de-mesoterapia-para-fisioterapeutas#primaryimage"},"image":{"@id":"https:\/\/www.capilae.es\/blog\/789\/exito-en-la-1%c2%aa-edicion-del-curso-de-mesoterapia-para-fisioterapeutas#primaryimage"},"thumbnailUrl":"http:\/\/capilae.es\/old\/wp-content\/uploads\/2011\/09\/Curso.Meso_.3-300x168.jpg","datePublished":"2011-09-20T11:20:14+00:00","dateModified":"2015-01-27T16:42:36+00:00","author":{"@id":"https:\/\/www.capilae.es\/blog\/#\/schema\/person\/c34b65e8c9ccb890ea9dfab7aed9ca2a"},"breadcrumb":{"@id":"https:\/\/www.capilae.es\/blog\/789\/exito-en-la-1%c2%aa-edicion-del-curso-de-mesoterapia-para-fisioterapeutas#breadcrumb"},"inLanguage":"es","potentialAction":[{"@type":"ReadAction","target":["https:\/\/www.capilae.es\/blog\/789\/exito-en-la-1%c2%aa-edicion-del-curso-de-mesoterapia-para-fisioterapeutas"]}]},{"@type":"ImageObject","inLanguage":"es","@id":"https:\/\/www.capilae.es\/blog\/789\/exito-en-la-1%c2%aa-edicion-del-curso-de-mesoterapia-para-fisioterapeutas#primaryimage","url":"http:\/\/capilae.es\/old\/wp-content\/uploads\/2011\/09\/Curso.Meso_.3-300x168.jpg","contentUrl":"http:\/\/capilae.es\/old\/wp-content\/uploads\/2011\/09\/Curso.Meso_.3-300x168.jpg"},{"@type":"BreadcrumbList","@id":"https:\/\/www.capilae.es\/blog\/789\/exito-en-la-1%c2%aa-edicion-del-curso-de-mesoterapia-para-fisioterapeutas#breadcrumb","itemListElement":[{"@type":"ListItem","position":1,"name":"Portada","item":"https:\/\/www.capilae.es\/blog"},{"@type":"ListItem","position":2,"name":"Exito en la 1\u00aa edici\u00f3n del Curso de Mesoterapia para Fisioterapeutas"}]},{"@type":"WebSite","@id":"https:\/\/www.capilae.es\/blog\/#website","url":"https:\/\/www.capilae.es\/blog\/","name":"Blog de Capilae.es","description":"Noticias sobre cirug\u00eda capilar y trasplante de pelo","potentialAction":[{"@type":"SearchAction","target":{"@type":"EntryPoint","urlTemplate":"https:\/\/www.capilae.es\/blog\/?s={search_term_string}"},"query-input":{"@type":"PropertyValueSpecification","valueRequired":true,"valueName":"search_term_string"}}],"inLanguage":"es"},{"@type":"Person","@id":"https:\/\/www.capilae.es\/blog\/#\/schema\/person\/c34b65e8c9ccb890ea9dfab7aed9ca2a","name":"Admin_capilae","image":{"@type":"ImageObject","inLanguage":"es","@id":"https:\/\/www.capilae.es\/blog\/#\/schema\/person\/image\/","url":"https:\/\/secure.gravatar.com\/avatar\/488c83d3df4f51db14c7dae37c008e2b772722231844b180843ec8eec93dc716?s=96&d=mm&r=g","contentUrl":"https:\/\/secure.gravatar.com\/avatar\/488c83d3df4f51db14c7dae37c008e2b772722231844b180843ec8eec93dc716?s=96&d=mm&r=g","caption":"Admin_capilae"},"url":"https:\/\/www.capilae.es\/blog\/author\/admin_capilae"}]}},"_links":{"self":[{"href":"https:\/\/www.capilae.es\/blog\/wp-json\/wp\/v2\/posts\/789","targetHints":{"allow":["GET"]}}],"collection":[{"href":"https:\/\/www.capilae.es\/blog\/wp-json\/wp\/v2\/posts"}],"about":[{"href":"https:\/\/www.capilae.es\/blog\/wp-json\/wp\/v2\/types\/post"}],"author":[{"embeddable":true,"href":"https:\/\/www.capilae.es\/blog\/wp-json\/wp\/v2\/users\/1"}],"replies":[{"embeddable":true,"href":"https:\/\/www.capilae.es\/blog\/wp-json\/wp\/v2\/comments?post=789"}],"version-history":[{"count":4,"href":"https:\/\/www.capilae.es\/blog\/wp-json\/wp\/v2\/posts\/789\/revisions"}],"predecessor-version":[{"id":1011,"href":"https:\/\/www.capilae.es\/blog\/wp-json\/wp\/v2\/posts\/789\/revisions\/1011"}],"wp:attachment":[{"href":"https:\/\/www.capilae.es\/blog\/wp-json\/wp\/v2\/media?parent=789"}],"wp:term":[{"taxonomy":"category","embeddable":true,"href":"https:\/\/www.capilae.es\/blog\/wp-json\/wp\/v2\/categories?post=789"},{"taxonomy":"post_tag","embeddable":true,"href":"https:\/\/www.capilae.es\/blog\/wp-json\/wp\/v2\/tags?post=789"}],"curies":[{"name":"wp","href":"https:\/\/api.w.org\/{rel}","templated":true}]}}