{"id":80,"date":"2011-08-19T13:18:29","date_gmt":"2011-08-19T11:18:29","guid":{"rendered":"http:\/\/mitransplantedepelo.wordpress.com\/?p=80"},"modified":"2012-04-26T14:03:19","modified_gmt":"2012-04-26T14:03:19","slug":"y-ahora-paciencia-mucha-paciencia","status":"publish","type":"post","link":"https:\/\/www.capilae.es\/blog\/80\/y-ahora-paciencia-mucha-paciencia","title":{"rendered":"\u00bfY ahora? Paciencia, mucha paciencia&#8230;"},"content":{"rendered":"<p>Bueno, ya han pasado casi 2 semanas, y todo sigue su curso normal. Ya he quedado para que me quiten los puntos el lunes por la tarde (por cierto, por la ma\u00f1ana me hacen una entrevista en telemadrid&#8230;) y ahora siempre est\u00e1 la cuesti\u00f3n que he puesto como t\u00edtulo&#8230;<\/p>\n<p>Atr\u00e1s quedan los nervios de decidirse y entrar en quir\u00f3fano, de las molestias de las primeras 48 horas, del cuidado con la limpieza de los injertos, de acordarse de coger la gorra cada vez que hay que salir etc&#8230; y digamos que todo culmina con la retirada de la sutura.<\/p>\n<p>En contra de otros tipos de cirug\u00eda est\u00e9tica, donde los resultados no se tardan en ver m\u00e1s all\u00e1 del mes, para alegr\u00eda del paciente, la cirug\u00eda capilar requiere mucha paciencia por parte del paciente.<\/p>\n<p>Es dif\u00edcil entender que, una vez puestos los injertos, \u00e9stos van a durar muy poco injertados, aunque siempre decimos que van a durar para siempre. En las siguientes semanas poco a poco se van a ir cayendo \u00e9stos pelos que se han injertado. \u00bfPor qu\u00e9? Parece ser que al injertar el pelo, se activan una serie de mecanismos celulares que provocan que el pelo entre en su fase de reposo, que en la cabeza suele durar unas 10-12 semanas. esto tiene su l\u00f3gica si se piensa que en una zona del cuero cabelludo, donde no ha habido ning\u00fan fol\u00edculo activo durante bastante tiempo, de repente hemos injertado cerca de 2000 unidades foliculares, que requieren de su riego sangu\u00edneo, su inervaci\u00f3n, su curaci\u00f3n tras el peque\u00f1o traumatismo de la cirug\u00eda. Al cuerpo le resulta dif\u00edcil hacer frente a estas necesidades, sobre todo en un cuero cabelludo, que por el proceso de evoluci\u00f3n normal de la alopecia com\u00fan, tiende a atrofiarse en cierta medida.<\/p>\n<p>As\u00ed, en poco d\u00edas, los peleo se ir\u00e1n cayendo y entrando en esa fase de reposo (o tel\u00f3gena) en un mecanismo muy parecido a cuando se cae el pelo durante el oto\u00f1o o si nos falta hierro o estamos algo enfermos. Ante una necesidad acuciante en el pelo, el cuerpo se lo toma con calma, y lo repara poco a poco. Aunque no lo parezca, el pelo es un \u00f3rgano bastante complejo y necesita materias primas de alta calidad.<\/p>\n<p>As\u00ed, durante los 2 primeros meses poco se ver\u00e1, m\u00e1s pelo donde antes no hab\u00eda nada, pero fino. A los 3 meses comenzar\u00e1 un progresivo crecimiento, que har\u00e1 ver unos resultados del 80% para los 5-6 meses, y aunque, al menos nosotros, no damos el alta hasta el a\u00f1o, se sabe que hay crecimiento hasta pasados 18 meses del transplante de pelo.<\/p>\n<p>As\u00ed que ahora hay que ayudar al cuerpo a que el pelo vaya mejorando. \u00bfC\u00f3mo?, suplementaci\u00f3n diet\u00e9tica con Viviscal\u00a9, minoxidil al 5% para vasodilatar y adelantar el proceso regenerativo. Evitar que le de el sol en exceso (el sol favorece el crecimiento en su justa medida, por e so se cae el pelo en oto\u00f1o, ya que el sol se aleja de la tierra y hay un efecto de frenada en el crecimiento del pelo) con una gorra, y paciencia, mucha paciencia.<\/p>\n","protected":false},"excerpt":{"rendered":"<p>Bueno, ya han pasado casi 2 semanas, y todo sigue su curso normal. Ya he quedado para que me quiten los puntos el lunes por la tarde (por cierto, por la ma\u00f1ana me hacen una entrevista en telemadrid&#8230;) y ahora siempre est\u00e1 la cuesti\u00f3n que he puesto como t\u00edtulo&#8230; Atr\u00e1s quedan los nervios de decidirse [&hellip;]<\/p>\n","protected":false},"author":1,"featured_media":0,"comment_status":"open","ping_status":"closed","sticky":false,"template":"","format":"standard","meta":{"footnotes":""},"categories":[75],"tags":[58,59,56,39,60,45,61,62,21],"class_list":["post-80","post","type-post","status-publish","format-standard","hentry","category-noticias","tag-cuero-cabelludo","tag-injerto-de-pelo","tag-minoxidil","tag-pelo","tag-retirada-de-puntos","tag-sutura","tag-telogena","tag-transplante","tag-viviscal"],"yoast_head":"<!-- This site is optimized with the Yoast SEO plugin v23.9 - https:\/\/yoast.com\/wordpress\/plugins\/seo\/ -->\n<title>\u00bfY ahora? Paciencia, mucha paciencia... - Blog de Capilae.es<\/title>\n<meta name=\"robots\" content=\"index, follow, max-snippet:-1, max-image-preview:large, max-video-preview:-1\" \/>\n<link rel=\"canonical\" href=\"https:\/\/www.capilae.es\/blog\/80\/y-ahora-paciencia-mucha-paciencia\" \/>\n<meta property=\"og:locale\" content=\"es_ES\" \/>\n<meta property=\"og:type\" content=\"article\" \/>\n<meta property=\"og:title\" content=\"\u00bfY ahora? Paciencia, mucha paciencia... - Blog de Capilae.es\" \/>\n<meta property=\"og:description\" content=\"Bueno, ya han pasado casi 2 semanas, y todo sigue su curso normal. Ya he quedado para que me quiten los puntos el lunes por la tarde (por cierto, por la ma\u00f1ana me hacen una entrevista en telemadrid&#8230;) y ahora siempre est\u00e1 la cuesti\u00f3n que he puesto como t\u00edtulo&#8230; Atr\u00e1s quedan los nervios de decidirse [&hellip;]\" \/>\n<meta property=\"og:url\" content=\"https:\/\/www.capilae.es\/blog\/80\/y-ahora-paciencia-mucha-paciencia\" \/>\n<meta property=\"og:site_name\" content=\"Blog de Capilae.es\" \/>\n<meta property=\"article:publisher\" content=\"https:\/\/www.facebook.com\/pages\/Capilae-Cirug%c3%ada-de-Transplante-Capilar\/\" \/>\n<meta property=\"article:published_time\" content=\"2011-08-19T11:18:29+00:00\" \/>\n<meta property=\"article:modified_time\" content=\"2012-04-26T14:03:19+00:00\" \/>\n<meta name=\"author\" content=\"Admin_capilae\" \/>\n<meta name=\"twitter:label1\" content=\"Escrito por\" \/>\n\t<meta name=\"twitter:data1\" content=\"Admin_capilae\" \/>\n\t<meta name=\"twitter:label2\" content=\"Tiempo de lectura\" \/>\n\t<meta name=\"twitter:data2\" content=\"3 minutos\" \/>\n<script type=\"application\/ld+json\" class=\"yoast-schema-graph\">{\"@context\":\"https:\/\/schema.org\",\"@graph\":[{\"@type\":\"WebPage\",\"@id\":\"https:\/\/www.capilae.es\/blog\/80\/y-ahora-paciencia-mucha-paciencia\",\"url\":\"https:\/\/www.capilae.es\/blog\/80\/y-ahora-paciencia-mucha-paciencia\",\"name\":\"\u00bfY ahora? Paciencia, mucha paciencia... - Blog de Capilae.es\",\"isPartOf\":{\"@id\":\"https:\/\/www.capilae.es\/blog\/#website\"},\"datePublished\":\"2011-08-19T11:18:29+00:00\",\"dateModified\":\"2012-04-26T14:03:19+00:00\",\"author\":{\"@id\":\"https:\/\/www.capilae.es\/blog\/#\/schema\/person\/c34b65e8c9ccb890ea9dfab7aed9ca2a\"},\"breadcrumb\":{\"@id\":\"https:\/\/www.capilae.es\/blog\/80\/y-ahora-paciencia-mucha-paciencia#breadcrumb\"},\"inLanguage\":\"es\",\"potentialAction\":[{\"@type\":\"ReadAction\",\"target\":[\"https:\/\/www.capilae.es\/blog\/80\/y-ahora-paciencia-mucha-paciencia\"]}]},{\"@type\":\"BreadcrumbList\",\"@id\":\"https:\/\/www.capilae.es\/blog\/80\/y-ahora-paciencia-mucha-paciencia#breadcrumb\",\"itemListElement\":[{\"@type\":\"ListItem\",\"position\":1,\"name\":\"Portada\",\"item\":\"https:\/\/www.capilae.es\/blog\"},{\"@type\":\"ListItem\",\"position\":2,\"name\":\"\u00bfY ahora? Paciencia, mucha paciencia&#8230;\"}]},{\"@type\":\"WebSite\",\"@id\":\"https:\/\/www.capilae.es\/blog\/#website\",\"url\":\"https:\/\/www.capilae.es\/blog\/\",\"name\":\"Blog de Capilae.es\",\"description\":\"Noticias sobre cirug\u00eda capilar y trasplante de pelo\",\"potentialAction\":[{\"@type\":\"SearchAction\",\"target\":{\"@type\":\"EntryPoint\",\"urlTemplate\":\"https:\/\/www.capilae.es\/blog\/?s={search_term_string}\"},\"query-input\":{\"@type\":\"PropertyValueSpecification\",\"valueRequired\":true,\"valueName\":\"search_term_string\"}}],\"inLanguage\":\"es\"},{\"@type\":\"Person\",\"@id\":\"https:\/\/www.capilae.es\/blog\/#\/schema\/person\/c34b65e8c9ccb890ea9dfab7aed9ca2a\",\"name\":\"Admin_capilae\",\"image\":{\"@type\":\"ImageObject\",\"inLanguage\":\"es\",\"@id\":\"https:\/\/www.capilae.es\/blog\/#\/schema\/person\/image\/\",\"url\":\"https:\/\/secure.gravatar.com\/avatar\/488c83d3df4f51db14c7dae37c008e2b772722231844b180843ec8eec93dc716?s=96&d=mm&r=g\",\"contentUrl\":\"https:\/\/secure.gravatar.com\/avatar\/488c83d3df4f51db14c7dae37c008e2b772722231844b180843ec8eec93dc716?s=96&d=mm&r=g\",\"caption\":\"Admin_capilae\"},\"url\":\"https:\/\/www.capilae.es\/blog\/author\/admin_capilae\"}]}<\/script>\n<!-- \/ Yoast SEO plugin. -->","yoast_head_json":{"title":"\u00bfY ahora? Paciencia, mucha paciencia... - Blog de Capilae.es","robots":{"index":"index","follow":"follow","max-snippet":"max-snippet:-1","max-image-preview":"max-image-preview:large","max-video-preview":"max-video-preview:-1"},"canonical":"https:\/\/www.capilae.es\/blog\/80\/y-ahora-paciencia-mucha-paciencia","og_locale":"es_ES","og_type":"article","og_title":"\u00bfY ahora? Paciencia, mucha paciencia... - Blog de Capilae.es","og_description":"Bueno, ya han pasado casi 2 semanas, y todo sigue su curso normal. Ya he quedado para que me quiten los puntos el lunes por la tarde (por cierto, por la ma\u00f1ana me hacen una entrevista en telemadrid&#8230;) y ahora siempre est\u00e1 la cuesti\u00f3n que he puesto como t\u00edtulo&#8230; Atr\u00e1s quedan los nervios de decidirse [&hellip;]","og_url":"https:\/\/www.capilae.es\/blog\/80\/y-ahora-paciencia-mucha-paciencia","og_site_name":"Blog de Capilae.es","article_publisher":"https:\/\/www.facebook.com\/pages\/Capilae-Cirug%c3%ada-de-Transplante-Capilar\/","article_published_time":"2011-08-19T11:18:29+00:00","article_modified_time":"2012-04-26T14:03:19+00:00","author":"Admin_capilae","twitter_misc":{"Escrito por":"Admin_capilae","Tiempo de lectura":"3 minutos"},"schema":{"@context":"https:\/\/schema.org","@graph":[{"@type":"WebPage","@id":"https:\/\/www.capilae.es\/blog\/80\/y-ahora-paciencia-mucha-paciencia","url":"https:\/\/www.capilae.es\/blog\/80\/y-ahora-paciencia-mucha-paciencia","name":"\u00bfY ahora? Paciencia, mucha paciencia... - Blog de Capilae.es","isPartOf":{"@id":"https:\/\/www.capilae.es\/blog\/#website"},"datePublished":"2011-08-19T11:18:29+00:00","dateModified":"2012-04-26T14:03:19+00:00","author":{"@id":"https:\/\/www.capilae.es\/blog\/#\/schema\/person\/c34b65e8c9ccb890ea9dfab7aed9ca2a"},"breadcrumb":{"@id":"https:\/\/www.capilae.es\/blog\/80\/y-ahora-paciencia-mucha-paciencia#breadcrumb"},"inLanguage":"es","potentialAction":[{"@type":"ReadAction","target":["https:\/\/www.capilae.es\/blog\/80\/y-ahora-paciencia-mucha-paciencia"]}]},{"@type":"BreadcrumbList","@id":"https:\/\/www.capilae.es\/blog\/80\/y-ahora-paciencia-mucha-paciencia#breadcrumb","itemListElement":[{"@type":"ListItem","position":1,"name":"Portada","item":"https:\/\/www.capilae.es\/blog"},{"@type":"ListItem","position":2,"name":"\u00bfY ahora? Paciencia, mucha paciencia&#8230;"}]},{"@type":"WebSite","@id":"https:\/\/www.capilae.es\/blog\/#website","url":"https:\/\/www.capilae.es\/blog\/","name":"Blog de Capilae.es","description":"Noticias sobre cirug\u00eda capilar y trasplante de pelo","potentialAction":[{"@type":"SearchAction","target":{"@type":"EntryPoint","urlTemplate":"https:\/\/www.capilae.es\/blog\/?s={search_term_string}"},"query-input":{"@type":"PropertyValueSpecification","valueRequired":true,"valueName":"search_term_string"}}],"inLanguage":"es"},{"@type":"Person","@id":"https:\/\/www.capilae.es\/blog\/#\/schema\/person\/c34b65e8c9ccb890ea9dfab7aed9ca2a","name":"Admin_capilae","image":{"@type":"ImageObject","inLanguage":"es","@id":"https:\/\/www.capilae.es\/blog\/#\/schema\/person\/image\/","url":"https:\/\/secure.gravatar.com\/avatar\/488c83d3df4f51db14c7dae37c008e2b772722231844b180843ec8eec93dc716?s=96&d=mm&r=g","contentUrl":"https:\/\/secure.gravatar.com\/avatar\/488c83d3df4f51db14c7dae37c008e2b772722231844b180843ec8eec93dc716?s=96&d=mm&r=g","caption":"Admin_capilae"},"url":"https:\/\/www.capilae.es\/blog\/author\/admin_capilae"}]}},"_links":{"self":[{"href":"https:\/\/www.capilae.es\/blog\/wp-json\/wp\/v2\/posts\/80","targetHints":{"allow":["GET"]}}],"collection":[{"href":"https:\/\/www.capilae.es\/blog\/wp-json\/wp\/v2\/posts"}],"about":[{"href":"https:\/\/www.capilae.es\/blog\/wp-json\/wp\/v2\/types\/post"}],"author":[{"embeddable":true,"href":"https:\/\/www.capilae.es\/blog\/wp-json\/wp\/v2\/users\/1"}],"replies":[{"embeddable":true,"href":"https:\/\/www.capilae.es\/blog\/wp-json\/wp\/v2\/comments?post=80"}],"version-history":[{"count":2,"href":"https:\/\/www.capilae.es\/blog\/wp-json\/wp\/v2\/posts\/80\/revisions"}],"predecessor-version":[{"id":829,"href":"https:\/\/www.capilae.es\/blog\/wp-json\/wp\/v2\/posts\/80\/revisions\/829"}],"wp:attachment":[{"href":"https:\/\/www.capilae.es\/blog\/wp-json\/wp\/v2\/media?parent=80"}],"wp:term":[{"taxonomy":"category","embeddable":true,"href":"https:\/\/www.capilae.es\/blog\/wp-json\/wp\/v2\/categories?post=80"},{"taxonomy":"post_tag","embeddable":true,"href":"https:\/\/www.capilae.es\/blog\/wp-json\/wp\/v2\/tags?post=80"}],"curies":[{"name":"wp","href":"https:\/\/api.w.org\/{rel}","templated":true}]}}