{"id":83,"date":"2011-08-22T20:49:20","date_gmt":"2011-08-22T18:49:20","guid":{"rendered":"http:\/\/mitransplantedepelo.wordpress.com\/?p=83"},"modified":"2012-04-26T14:03:28","modified_gmt":"2012-04-26T14:03:28","slug":"retirada-de-puntos-por-fin","status":"publish","type":"post","link":"https:\/\/www.capilae.es\/blog\/83\/retirada-de-puntos-por-fin","title":{"rendered":"Retirada de puntos, por fin!"},"content":{"rendered":"<p>Bueno, hoy ha llegado el d\u00eda de la retirada de los puntos de la sutura.<\/p>\n<p>Lo primero que tengo que hacer es agradecer a Patricia, una estupenda enfermera y mejor persona, que se ha prestado voluntariamente a retirarme los puntos, ya que normalmente soy yo el que lo hace, pero claro, iba a ser un poco dif\u00edcil hacerlo en mi nuca.<\/p>\n<p>Aqu\u00ed os dejo la foto de c\u00f3mo se ven los injertos a las 2 semanas, tengo que decir que hoy me han hecho una entrevista en la tele (ma\u00f1ana cuelgo el video) y no parece notarse mucho&#8230;.<\/p>\n<div id=\"attachment_86\" style=\"width: 310px\" class=\"wp-caption aligncenter\"><a href=\"http:\/\/mitransplantedepelo.files.wordpress.com\/2011\/08\/2-semanas.jpg\"><img loading=\"lazy\" decoding=\"async\" aria-describedby=\"caption-attachment-86\" class=\"size-medium wp-image-86\" title=\"2 semanas\" src=\"http:\/\/mitransplantedepelo.files.wordpress.com\/2011\/08\/2-semanas.jpg?w=300\" alt=\"\" width=\"300\" height=\"200\" \/><\/a><p id=\"caption-attachment-86\" class=\"wp-caption-text\">2 semanas despu\u00e9s de la cirug\u00eda<\/p><\/div>\n<p>Hay que decir que la retirada de los puntos se puede hacer casi desde los 10 d\u00edas desde la cirug\u00eda, pero como la cicatrizaci\u00f3n es un proceso muy personal, yo me quedo m\u00e1s tranquilo dej\u00e1ndolo 2 semanas. Hay varios factores que pueden afectar a la cicatriz posterior de una operaci\u00f3n de transplante. La propia naturaleza de cada uno, los h\u00e1bitos higi\u00e9nicos, la alimentaci\u00f3n, el fumar, el haber e estado tranquilo despu\u00e9s de la cirug\u00eda (como recomendamos por activa y por pasiva), a\u00fan recuerdo un paciente que despu\u00e9s de la cirug\u00eda se le dieron los papeles de consejos post operatorios, que estuvo conmigo en consulta varios d\u00edas, antes y despu\u00e9s, y a\u00fan as\u00ed, vino un d\u00eda, a los 3 d\u00edas de la cirug\u00eda con un sangrado por la zona suturada&#8230; \u00ab\u00bfHas cogido peso?\u00bb le pregunt\u00e9, porque es casi lo \u00fanico que d\u00edas despu\u00e9s de la cirug\u00eda puede provocar un sangrado\u00bbNo\u00bb, me contesta, \u00abbueno, al gimnasio no he ido, pero en el trabajo he recogido del suelo unas bobinas de cable\u00bb, a mi, que me entran sudores fr\u00edos, le pregunto: \u00ab\u00bfpero, cu\u00e1nto pesan esas bobinas?\u00bb, \u00ab20 kilos\u00bb es su contestaci\u00f3n, pero no hab\u00eda ido al gimnasio&#8230;<\/p>\n<p>Por eso es muy muy importante seguir con atenci\u00f3n las instrucciones que damos, ya que luego, esas acciones pueden da\u00f1ar el proyecto est\u00e9tico que hemos realizado.<\/p>\n<p>Bueno, la retirada de la sutura no tiene ning\u00fan misterio, ya que es una primera sutura cont\u00ednua, con 2 nudos, uno a cada extremo de la incisi\u00f3n, con lo que es s\u00f3lo quitar un nudo, luego otro, y casi sale sola. Hay tambi\u00e9n unos puntos de aproximaci\u00f3n, unos 7, simples, pero tensos, para favorecer la cicatrizaci\u00f3n. Estos representan un poco m\u00e1s de problemas, porque suelen estar muy enterrados, pro el paciente no lo nota, como mucho, un peque\u00f1o tir\u00f3n del pelo.<\/p>\n<p>Una vez retirada la sutura, hay un alivio evidente, ya que aunque despu\u00e9s de 2 semanas, uno se hace a la tensi\u00f3n de los hilos, es, una vez retirado, cuando esta tensi\u00f3n desaparece, y uno puede volver a sonre\u00edr sin notar que se le tense la nuca (esto, evidentemente, es broma).<\/p>\n<p>Por la zona injertada, pues empieza a haber una descamaci\u00f3n de la piel, lo que quiere decir que se est\u00e1 reparando. El problema es que hay algunos pelos que est\u00e1n pegados a esas costritas y si a uno no le avisan, le puede dar un infarto.<\/p>\n<p>Es algo normal, si los pelos no se han ca\u00eddo en los 5 primeros d\u00edas, ya se quedan con nosotros, pero bastantes de ellos se comienzan a caer en estos d\u00edas, dando inicio a la reparaci\u00f3n de la dermis y epidermis y de los fol\u00edculos pilotos. Un proceso, como ya he comentado, que se va a prolongar durante 2 meses y medio, y en el que poco avance voy a ver acerca del transplante.<\/p>\n","protected":false},"excerpt":{"rendered":"<p>Bueno, hoy ha llegado el d\u00eda de la retirada de los puntos de la sutura. Lo primero que tengo que hacer es agradecer a Patricia, una estupenda enfermera y mejor persona, que se ha prestado voluntariamente a retirarme los puntos, ya que normalmente soy yo el que lo hace, pero claro, iba a ser un [&hellip;]<\/p>\n","protected":false},"author":1,"featured_media":0,"comment_status":"open","ping_status":"closed","sticky":false,"template":"","format":"standard","meta":{"footnotes":""},"categories":[75],"tags":[63,64,65,38,45],"class_list":["post-83","post","type-post","status-publish","format-standard","hentry","category-noticias","tag-dermis","tag-epidermis","tag-foliculo-piloso","tag-foliculos","tag-sutura"],"yoast_head":"<!-- This site is optimized with the Yoast SEO plugin v23.9 - https:\/\/yoast.com\/wordpress\/plugins\/seo\/ -->\n<title>Retirada de puntos, por fin! - Blog de Capilae.es<\/title>\n<meta name=\"robots\" content=\"index, follow, max-snippet:-1, max-image-preview:large, max-video-preview:-1\" \/>\n<link rel=\"canonical\" href=\"https:\/\/www.capilae.es\/blog\/83\/retirada-de-puntos-por-fin\" \/>\n<meta property=\"og:locale\" content=\"es_ES\" \/>\n<meta property=\"og:type\" content=\"article\" \/>\n<meta property=\"og:title\" content=\"Retirada de puntos, por fin! - Blog de Capilae.es\" \/>\n<meta property=\"og:description\" content=\"Bueno, hoy ha llegado el d\u00eda de la retirada de los puntos de la sutura. Lo primero que tengo que hacer es agradecer a Patricia, una estupenda enfermera y mejor persona, que se ha prestado voluntariamente a retirarme los puntos, ya que normalmente soy yo el que lo hace, pero claro, iba a ser un [&hellip;]\" \/>\n<meta property=\"og:url\" content=\"https:\/\/www.capilae.es\/blog\/83\/retirada-de-puntos-por-fin\" \/>\n<meta property=\"og:site_name\" content=\"Blog de Capilae.es\" \/>\n<meta property=\"article:publisher\" content=\"https:\/\/www.facebook.com\/pages\/Capilae-Cirug%c3%ada-de-Transplante-Capilar\/\" \/>\n<meta property=\"article:published_time\" content=\"2011-08-22T18:49:20+00:00\" \/>\n<meta property=\"article:modified_time\" content=\"2012-04-26T14:03:28+00:00\" \/>\n<meta property=\"og:image\" content=\"http:\/\/mitransplantedepelo.files.wordpress.com\/2011\/08\/2-semanas.jpg?w=300\" \/>\n<meta name=\"author\" content=\"Admin_capilae\" \/>\n<meta name=\"twitter:label1\" content=\"Escrito por\" \/>\n\t<meta name=\"twitter:data1\" content=\"Admin_capilae\" \/>\n\t<meta name=\"twitter:label2\" content=\"Tiempo de lectura\" \/>\n\t<meta name=\"twitter:data2\" content=\"3 minutos\" \/>\n<script type=\"application\/ld+json\" class=\"yoast-schema-graph\">{\"@context\":\"https:\/\/schema.org\",\"@graph\":[{\"@type\":\"WebPage\",\"@id\":\"https:\/\/www.capilae.es\/blog\/83\/retirada-de-puntos-por-fin\",\"url\":\"https:\/\/www.capilae.es\/blog\/83\/retirada-de-puntos-por-fin\",\"name\":\"Retirada de puntos, por fin! - Blog de Capilae.es\",\"isPartOf\":{\"@id\":\"https:\/\/www.capilae.es\/blog\/#website\"},\"primaryImageOfPage\":{\"@id\":\"https:\/\/www.capilae.es\/blog\/83\/retirada-de-puntos-por-fin#primaryimage\"},\"image\":{\"@id\":\"https:\/\/www.capilae.es\/blog\/83\/retirada-de-puntos-por-fin#primaryimage\"},\"thumbnailUrl\":\"http:\/\/mitransplantedepelo.files.wordpress.com\/2011\/08\/2-semanas.jpg?w=300\",\"datePublished\":\"2011-08-22T18:49:20+00:00\",\"dateModified\":\"2012-04-26T14:03:28+00:00\",\"author\":{\"@id\":\"https:\/\/www.capilae.es\/blog\/#\/schema\/person\/c34b65e8c9ccb890ea9dfab7aed9ca2a\"},\"breadcrumb\":{\"@id\":\"https:\/\/www.capilae.es\/blog\/83\/retirada-de-puntos-por-fin#breadcrumb\"},\"inLanguage\":\"es\",\"potentialAction\":[{\"@type\":\"ReadAction\",\"target\":[\"https:\/\/www.capilae.es\/blog\/83\/retirada-de-puntos-por-fin\"]}]},{\"@type\":\"ImageObject\",\"inLanguage\":\"es\",\"@id\":\"https:\/\/www.capilae.es\/blog\/83\/retirada-de-puntos-por-fin#primaryimage\",\"url\":\"http:\/\/mitransplantedepelo.files.wordpress.com\/2011\/08\/2-semanas.jpg?w=300\",\"contentUrl\":\"http:\/\/mitransplantedepelo.files.wordpress.com\/2011\/08\/2-semanas.jpg?w=300\"},{\"@type\":\"BreadcrumbList\",\"@id\":\"https:\/\/www.capilae.es\/blog\/83\/retirada-de-puntos-por-fin#breadcrumb\",\"itemListElement\":[{\"@type\":\"ListItem\",\"position\":1,\"name\":\"Portada\",\"item\":\"https:\/\/www.capilae.es\/blog\"},{\"@type\":\"ListItem\",\"position\":2,\"name\":\"Retirada de puntos, por fin!\"}]},{\"@type\":\"WebSite\",\"@id\":\"https:\/\/www.capilae.es\/blog\/#website\",\"url\":\"https:\/\/www.capilae.es\/blog\/\",\"name\":\"Blog de Capilae.es\",\"description\":\"Noticias sobre cirug\u00eda capilar y trasplante de pelo\",\"potentialAction\":[{\"@type\":\"SearchAction\",\"target\":{\"@type\":\"EntryPoint\",\"urlTemplate\":\"https:\/\/www.capilae.es\/blog\/?s={search_term_string}\"},\"query-input\":{\"@type\":\"PropertyValueSpecification\",\"valueRequired\":true,\"valueName\":\"search_term_string\"}}],\"inLanguage\":\"es\"},{\"@type\":\"Person\",\"@id\":\"https:\/\/www.capilae.es\/blog\/#\/schema\/person\/c34b65e8c9ccb890ea9dfab7aed9ca2a\",\"name\":\"Admin_capilae\",\"image\":{\"@type\":\"ImageObject\",\"inLanguage\":\"es\",\"@id\":\"https:\/\/www.capilae.es\/blog\/#\/schema\/person\/image\/\",\"url\":\"https:\/\/secure.gravatar.com\/avatar\/488c83d3df4f51db14c7dae37c008e2b772722231844b180843ec8eec93dc716?s=96&d=mm&r=g\",\"contentUrl\":\"https:\/\/secure.gravatar.com\/avatar\/488c83d3df4f51db14c7dae37c008e2b772722231844b180843ec8eec93dc716?s=96&d=mm&r=g\",\"caption\":\"Admin_capilae\"},\"url\":\"https:\/\/www.capilae.es\/blog\/author\/admin_capilae\"}]}<\/script>\n<!-- \/ Yoast SEO plugin. -->","yoast_head_json":{"title":"Retirada de puntos, por fin! - Blog de Capilae.es","robots":{"index":"index","follow":"follow","max-snippet":"max-snippet:-1","max-image-preview":"max-image-preview:large","max-video-preview":"max-video-preview:-1"},"canonical":"https:\/\/www.capilae.es\/blog\/83\/retirada-de-puntos-por-fin","og_locale":"es_ES","og_type":"article","og_title":"Retirada de puntos, por fin! - Blog de Capilae.es","og_description":"Bueno, hoy ha llegado el d\u00eda de la retirada de los puntos de la sutura. Lo primero que tengo que hacer es agradecer a Patricia, una estupenda enfermera y mejor persona, que se ha prestado voluntariamente a retirarme los puntos, ya que normalmente soy yo el que lo hace, pero claro, iba a ser un [&hellip;]","og_url":"https:\/\/www.capilae.es\/blog\/83\/retirada-de-puntos-por-fin","og_site_name":"Blog de Capilae.es","article_publisher":"https:\/\/www.facebook.com\/pages\/Capilae-Cirug%c3%ada-de-Transplante-Capilar\/","article_published_time":"2011-08-22T18:49:20+00:00","article_modified_time":"2012-04-26T14:03:28+00:00","og_image":[{"url":"http:\/\/mitransplantedepelo.files.wordpress.com\/2011\/08\/2-semanas.jpg?w=300"}],"author":"Admin_capilae","twitter_misc":{"Escrito por":"Admin_capilae","Tiempo de lectura":"3 minutos"},"schema":{"@context":"https:\/\/schema.org","@graph":[{"@type":"WebPage","@id":"https:\/\/www.capilae.es\/blog\/83\/retirada-de-puntos-por-fin","url":"https:\/\/www.capilae.es\/blog\/83\/retirada-de-puntos-por-fin","name":"Retirada de puntos, por fin! - Blog de Capilae.es","isPartOf":{"@id":"https:\/\/www.capilae.es\/blog\/#website"},"primaryImageOfPage":{"@id":"https:\/\/www.capilae.es\/blog\/83\/retirada-de-puntos-por-fin#primaryimage"},"image":{"@id":"https:\/\/www.capilae.es\/blog\/83\/retirada-de-puntos-por-fin#primaryimage"},"thumbnailUrl":"http:\/\/mitransplantedepelo.files.wordpress.com\/2011\/08\/2-semanas.jpg?w=300","datePublished":"2011-08-22T18:49:20+00:00","dateModified":"2012-04-26T14:03:28+00:00","author":{"@id":"https:\/\/www.capilae.es\/blog\/#\/schema\/person\/c34b65e8c9ccb890ea9dfab7aed9ca2a"},"breadcrumb":{"@id":"https:\/\/www.capilae.es\/blog\/83\/retirada-de-puntos-por-fin#breadcrumb"},"inLanguage":"es","potentialAction":[{"@type":"ReadAction","target":["https:\/\/www.capilae.es\/blog\/83\/retirada-de-puntos-por-fin"]}]},{"@type":"ImageObject","inLanguage":"es","@id":"https:\/\/www.capilae.es\/blog\/83\/retirada-de-puntos-por-fin#primaryimage","url":"http:\/\/mitransplantedepelo.files.wordpress.com\/2011\/08\/2-semanas.jpg?w=300","contentUrl":"http:\/\/mitransplantedepelo.files.wordpress.com\/2011\/08\/2-semanas.jpg?w=300"},{"@type":"BreadcrumbList","@id":"https:\/\/www.capilae.es\/blog\/83\/retirada-de-puntos-por-fin#breadcrumb","itemListElement":[{"@type":"ListItem","position":1,"name":"Portada","item":"https:\/\/www.capilae.es\/blog"},{"@type":"ListItem","position":2,"name":"Retirada de puntos, por fin!"}]},{"@type":"WebSite","@id":"https:\/\/www.capilae.es\/blog\/#website","url":"https:\/\/www.capilae.es\/blog\/","name":"Blog de Capilae.es","description":"Noticias sobre cirug\u00eda capilar y trasplante de pelo","potentialAction":[{"@type":"SearchAction","target":{"@type":"EntryPoint","urlTemplate":"https:\/\/www.capilae.es\/blog\/?s={search_term_string}"},"query-input":{"@type":"PropertyValueSpecification","valueRequired":true,"valueName":"search_term_string"}}],"inLanguage":"es"},{"@type":"Person","@id":"https:\/\/www.capilae.es\/blog\/#\/schema\/person\/c34b65e8c9ccb890ea9dfab7aed9ca2a","name":"Admin_capilae","image":{"@type":"ImageObject","inLanguage":"es","@id":"https:\/\/www.capilae.es\/blog\/#\/schema\/person\/image\/","url":"https:\/\/secure.gravatar.com\/avatar\/488c83d3df4f51db14c7dae37c008e2b772722231844b180843ec8eec93dc716?s=96&d=mm&r=g","contentUrl":"https:\/\/secure.gravatar.com\/avatar\/488c83d3df4f51db14c7dae37c008e2b772722231844b180843ec8eec93dc716?s=96&d=mm&r=g","caption":"Admin_capilae"},"url":"https:\/\/www.capilae.es\/blog\/author\/admin_capilae"}]}},"_links":{"self":[{"href":"https:\/\/www.capilae.es\/blog\/wp-json\/wp\/v2\/posts\/83","targetHints":{"allow":["GET"]}}],"collection":[{"href":"https:\/\/www.capilae.es\/blog\/wp-json\/wp\/v2\/posts"}],"about":[{"href":"https:\/\/www.capilae.es\/blog\/wp-json\/wp\/v2\/types\/post"}],"author":[{"embeddable":true,"href":"https:\/\/www.capilae.es\/blog\/wp-json\/wp\/v2\/users\/1"}],"replies":[{"embeddable":true,"href":"https:\/\/www.capilae.es\/blog\/wp-json\/wp\/v2\/comments?post=83"}],"version-history":[{"count":2,"href":"https:\/\/www.capilae.es\/blog\/wp-json\/wp\/v2\/posts\/83\/revisions"}],"predecessor-version":[{"id":827,"href":"https:\/\/www.capilae.es\/blog\/wp-json\/wp\/v2\/posts\/83\/revisions\/827"}],"wp:attachment":[{"href":"https:\/\/www.capilae.es\/blog\/wp-json\/wp\/v2\/media?parent=83"}],"wp:term":[{"taxonomy":"category","embeddable":true,"href":"https:\/\/www.capilae.es\/blog\/wp-json\/wp\/v2\/categories?post=83"},{"taxonomy":"post_tag","embeddable":true,"href":"https:\/\/www.capilae.es\/blog\/wp-json\/wp\/v2\/tags?post=83"}],"curies":[{"name":"wp","href":"https:\/\/api.w.org\/{rel}","templated":true}]}}