{"id":89,"date":"2011-08-24T19:34:11","date_gmt":"2011-08-24T17:34:11","guid":{"rendered":"http:\/\/mitransplantedepelo.wordpress.com\/?p=89"},"modified":"2011-08-24T19:34:11","modified_gmt":"2011-08-24T17:34:11","slug":"la-cicatriz","status":"publish","type":"post","link":"https:\/\/www.capilae.es\/blog\/89\/la-cicatriz","title":{"rendered":"La cicatriz"},"content":{"rendered":"<p>Aqu\u00ed ten\u00e9is una foto de la zona donante, con la cicatriz en proceso de curaci\u00f3n:<\/p>\n<p><a href=\"http:\/\/mitransplantedepelo.files.wordpress.com\/2011\/08\/dsc_0356.jpg\"><img loading=\"lazy\" decoding=\"async\" class=\"aligncenter size-medium wp-image-90\" title=\"DSC_0356\" src=\"http:\/\/mitransplantedepelo.files.wordpress.com\/2011\/08\/dsc_0356.jpg?w=300\" alt=\"\" width=\"300\" height=\"200\" \/><\/a><\/p>\n<p>Como veis, es bastante fina, y ahora mismo lo que se ve es el enrojecimiento (lo que en medicina se llama eritema) que lleva el proceso de curaci\u00f3n, as\u00ed que en un par de meses, ese enrojecimiento se habr\u00e1 desvanecido y la cicatriz se reducir\u00e1 un 70% de lo que se ve ah\u00ed, y como ya no habr\u00e1 enrojecimiento, ser\u00e1 pr\u00e1cticamente invisible, s\u00f3lo la ver\u00e1 mi peluquera.<\/p>\n<p>Ahora es verdad que est\u00e1 con algunas costras, y como se dice, tierna, si me apoyo mucho ah\u00ed, molesta, pero se puede dormir perfectamente, pero como veis, ni se nota por detr\u00e1s:<\/p>\n<p><a href=\"http:\/\/mitransplantedepelo.files.wordpress.com\/2011\/08\/dsc_0357.jpg\"><img loading=\"lazy\" decoding=\"async\" class=\"aligncenter size-medium wp-image-91\" title=\"DSC_0357\" src=\"http:\/\/mitransplantedepelo.files.wordpress.com\/2011\/08\/dsc_0357.jpg?w=300\" alt=\"\" width=\"300\" height=\"200\" \/><\/a>aunque tambi\u00e9n es verdad que hay que agradecer la cantidad de pelo que tengo, pero a\u00fan as\u00ed, con el pelo m\u00e1s corto (no mucho m\u00e1s) se podr\u00eda disimular perfectamente.<\/p>\n","protected":false},"excerpt":{"rendered":"<p>Aqu\u00ed ten\u00e9is una foto de la zona donante, con la cicatriz en proceso de curaci\u00f3n: Como veis, es bastante fina, y ahora mismo lo que se ve es el enrojecimiento (lo que en medicina se llama eritema) que lleva el proceso de curaci\u00f3n, as\u00ed que en un par de meses, ese enrojecimiento se habr\u00e1 desvanecido [&hellip;]<\/p>\n","protected":false},"author":1,"featured_media":0,"comment_status":"open","ping_status":"closed","sticky":false,"template":"","format":"standard","meta":{"footnotes":""},"categories":[66],"tags":[],"class_list":["post-89","post","type-post","status-publish","format-standard","hentry","category-casos-de-exito"],"yoast_head":"<!-- This site is optimized with the Yoast SEO plugin v23.9 - https:\/\/yoast.com\/wordpress\/plugins\/seo\/ -->\n<title>La cicatriz - Blog de Capilae.es<\/title>\n<meta name=\"robots\" content=\"index, follow, max-snippet:-1, max-image-preview:large, max-video-preview:-1\" \/>\n<link rel=\"canonical\" href=\"https:\/\/www.capilae.es\/blog\/89\/la-cicatriz\" \/>\n<meta property=\"og:locale\" content=\"es_ES\" \/>\n<meta property=\"og:type\" content=\"article\" \/>\n<meta property=\"og:title\" content=\"La cicatriz - Blog de Capilae.es\" \/>\n<meta property=\"og:description\" content=\"Aqu\u00ed ten\u00e9is una foto de la zona donante, con la cicatriz en proceso de curaci\u00f3n: Como veis, es bastante fina, y ahora mismo lo que se ve es el enrojecimiento (lo que en medicina se llama eritema) que lleva el proceso de curaci\u00f3n, as\u00ed que en un par de meses, ese enrojecimiento se habr\u00e1 desvanecido [&hellip;]\" \/>\n<meta property=\"og:url\" content=\"https:\/\/www.capilae.es\/blog\/89\/la-cicatriz\" \/>\n<meta property=\"og:site_name\" content=\"Blog de Capilae.es\" \/>\n<meta property=\"article:publisher\" content=\"https:\/\/www.facebook.com\/pages\/Capilae-Cirug%c3%ada-de-Transplante-Capilar\/\" \/>\n<meta property=\"article:published_time\" content=\"2011-08-24T17:34:11+00:00\" \/>\n<meta property=\"og:image\" content=\"http:\/\/mitransplantedepelo.files.wordpress.com\/2011\/08\/dsc_0356.jpg?w=300\" \/>\n<meta name=\"author\" content=\"Admin_capilae\" \/>\n<meta name=\"twitter:label1\" content=\"Escrito por\" \/>\n\t<meta name=\"twitter:data1\" content=\"Admin_capilae\" \/>\n\t<meta name=\"twitter:label2\" content=\"Tiempo de lectura\" \/>\n\t<meta name=\"twitter:data2\" content=\"1 minuto\" \/>\n<script type=\"application\/ld+json\" class=\"yoast-schema-graph\">{\"@context\":\"https:\/\/schema.org\",\"@graph\":[{\"@type\":\"WebPage\",\"@id\":\"https:\/\/www.capilae.es\/blog\/89\/la-cicatriz\",\"url\":\"https:\/\/www.capilae.es\/blog\/89\/la-cicatriz\",\"name\":\"La cicatriz - Blog de Capilae.es\",\"isPartOf\":{\"@id\":\"https:\/\/www.capilae.es\/blog\/#website\"},\"primaryImageOfPage\":{\"@id\":\"https:\/\/www.capilae.es\/blog\/89\/la-cicatriz#primaryimage\"},\"image\":{\"@id\":\"https:\/\/www.capilae.es\/blog\/89\/la-cicatriz#primaryimage\"},\"thumbnailUrl\":\"http:\/\/mitransplantedepelo.files.wordpress.com\/2011\/08\/dsc_0356.jpg?w=300\",\"datePublished\":\"2011-08-24T17:34:11+00:00\",\"dateModified\":\"2011-08-24T17:34:11+00:00\",\"author\":{\"@id\":\"https:\/\/www.capilae.es\/blog\/#\/schema\/person\/c34b65e8c9ccb890ea9dfab7aed9ca2a\"},\"breadcrumb\":{\"@id\":\"https:\/\/www.capilae.es\/blog\/89\/la-cicatriz#breadcrumb\"},\"inLanguage\":\"es\",\"potentialAction\":[{\"@type\":\"ReadAction\",\"target\":[\"https:\/\/www.capilae.es\/blog\/89\/la-cicatriz\"]}]},{\"@type\":\"ImageObject\",\"inLanguage\":\"es\",\"@id\":\"https:\/\/www.capilae.es\/blog\/89\/la-cicatriz#primaryimage\",\"url\":\"http:\/\/mitransplantedepelo.files.wordpress.com\/2011\/08\/dsc_0356.jpg?w=300\",\"contentUrl\":\"http:\/\/mitransplantedepelo.files.wordpress.com\/2011\/08\/dsc_0356.jpg?w=300\"},{\"@type\":\"BreadcrumbList\",\"@id\":\"https:\/\/www.capilae.es\/blog\/89\/la-cicatriz#breadcrumb\",\"itemListElement\":[{\"@type\":\"ListItem\",\"position\":1,\"name\":\"Portada\",\"item\":\"https:\/\/www.capilae.es\/blog\"},{\"@type\":\"ListItem\",\"position\":2,\"name\":\"La cicatriz\"}]},{\"@type\":\"WebSite\",\"@id\":\"https:\/\/www.capilae.es\/blog\/#website\",\"url\":\"https:\/\/www.capilae.es\/blog\/\",\"name\":\"Blog de Capilae.es\",\"description\":\"Noticias sobre cirug\u00eda capilar y trasplante de pelo\",\"potentialAction\":[{\"@type\":\"SearchAction\",\"target\":{\"@type\":\"EntryPoint\",\"urlTemplate\":\"https:\/\/www.capilae.es\/blog\/?s={search_term_string}\"},\"query-input\":{\"@type\":\"PropertyValueSpecification\",\"valueRequired\":true,\"valueName\":\"search_term_string\"}}],\"inLanguage\":\"es\"},{\"@type\":\"Person\",\"@id\":\"https:\/\/www.capilae.es\/blog\/#\/schema\/person\/c34b65e8c9ccb890ea9dfab7aed9ca2a\",\"name\":\"Admin_capilae\",\"image\":{\"@type\":\"ImageObject\",\"inLanguage\":\"es\",\"@id\":\"https:\/\/www.capilae.es\/blog\/#\/schema\/person\/image\/\",\"url\":\"https:\/\/secure.gravatar.com\/avatar\/488c83d3df4f51db14c7dae37c008e2b772722231844b180843ec8eec93dc716?s=96&d=mm&r=g\",\"contentUrl\":\"https:\/\/secure.gravatar.com\/avatar\/488c83d3df4f51db14c7dae37c008e2b772722231844b180843ec8eec93dc716?s=96&d=mm&r=g\",\"caption\":\"Admin_capilae\"},\"url\":\"https:\/\/www.capilae.es\/blog\/author\/admin_capilae\"}]}<\/script>\n<!-- \/ Yoast SEO plugin. -->","yoast_head_json":{"title":"La cicatriz - Blog de Capilae.es","robots":{"index":"index","follow":"follow","max-snippet":"max-snippet:-1","max-image-preview":"max-image-preview:large","max-video-preview":"max-video-preview:-1"},"canonical":"https:\/\/www.capilae.es\/blog\/89\/la-cicatriz","og_locale":"es_ES","og_type":"article","og_title":"La cicatriz - Blog de Capilae.es","og_description":"Aqu\u00ed ten\u00e9is una foto de la zona donante, con la cicatriz en proceso de curaci\u00f3n: Como veis, es bastante fina, y ahora mismo lo que se ve es el enrojecimiento (lo que en medicina se llama eritema) que lleva el proceso de curaci\u00f3n, as\u00ed que en un par de meses, ese enrojecimiento se habr\u00e1 desvanecido [&hellip;]","og_url":"https:\/\/www.capilae.es\/blog\/89\/la-cicatriz","og_site_name":"Blog de Capilae.es","article_publisher":"https:\/\/www.facebook.com\/pages\/Capilae-Cirug%c3%ada-de-Transplante-Capilar\/","article_published_time":"2011-08-24T17:34:11+00:00","og_image":[{"url":"http:\/\/mitransplantedepelo.files.wordpress.com\/2011\/08\/dsc_0356.jpg?w=300"}],"author":"Admin_capilae","twitter_misc":{"Escrito por":"Admin_capilae","Tiempo de lectura":"1 minuto"},"schema":{"@context":"https:\/\/schema.org","@graph":[{"@type":"WebPage","@id":"https:\/\/www.capilae.es\/blog\/89\/la-cicatriz","url":"https:\/\/www.capilae.es\/blog\/89\/la-cicatriz","name":"La cicatriz - Blog de Capilae.es","isPartOf":{"@id":"https:\/\/www.capilae.es\/blog\/#website"},"primaryImageOfPage":{"@id":"https:\/\/www.capilae.es\/blog\/89\/la-cicatriz#primaryimage"},"image":{"@id":"https:\/\/www.capilae.es\/blog\/89\/la-cicatriz#primaryimage"},"thumbnailUrl":"http:\/\/mitransplantedepelo.files.wordpress.com\/2011\/08\/dsc_0356.jpg?w=300","datePublished":"2011-08-24T17:34:11+00:00","dateModified":"2011-08-24T17:34:11+00:00","author":{"@id":"https:\/\/www.capilae.es\/blog\/#\/schema\/person\/c34b65e8c9ccb890ea9dfab7aed9ca2a"},"breadcrumb":{"@id":"https:\/\/www.capilae.es\/blog\/89\/la-cicatriz#breadcrumb"},"inLanguage":"es","potentialAction":[{"@type":"ReadAction","target":["https:\/\/www.capilae.es\/blog\/89\/la-cicatriz"]}]},{"@type":"ImageObject","inLanguage":"es","@id":"https:\/\/www.capilae.es\/blog\/89\/la-cicatriz#primaryimage","url":"http:\/\/mitransplantedepelo.files.wordpress.com\/2011\/08\/dsc_0356.jpg?w=300","contentUrl":"http:\/\/mitransplantedepelo.files.wordpress.com\/2011\/08\/dsc_0356.jpg?w=300"},{"@type":"BreadcrumbList","@id":"https:\/\/www.capilae.es\/blog\/89\/la-cicatriz#breadcrumb","itemListElement":[{"@type":"ListItem","position":1,"name":"Portada","item":"https:\/\/www.capilae.es\/blog"},{"@type":"ListItem","position":2,"name":"La cicatriz"}]},{"@type":"WebSite","@id":"https:\/\/www.capilae.es\/blog\/#website","url":"https:\/\/www.capilae.es\/blog\/","name":"Blog de Capilae.es","description":"Noticias sobre cirug\u00eda capilar y trasplante de pelo","potentialAction":[{"@type":"SearchAction","target":{"@type":"EntryPoint","urlTemplate":"https:\/\/www.capilae.es\/blog\/?s={search_term_string}"},"query-input":{"@type":"PropertyValueSpecification","valueRequired":true,"valueName":"search_term_string"}}],"inLanguage":"es"},{"@type":"Person","@id":"https:\/\/www.capilae.es\/blog\/#\/schema\/person\/c34b65e8c9ccb890ea9dfab7aed9ca2a","name":"Admin_capilae","image":{"@type":"ImageObject","inLanguage":"es","@id":"https:\/\/www.capilae.es\/blog\/#\/schema\/person\/image\/","url":"https:\/\/secure.gravatar.com\/avatar\/488c83d3df4f51db14c7dae37c008e2b772722231844b180843ec8eec93dc716?s=96&d=mm&r=g","contentUrl":"https:\/\/secure.gravatar.com\/avatar\/488c83d3df4f51db14c7dae37c008e2b772722231844b180843ec8eec93dc716?s=96&d=mm&r=g","caption":"Admin_capilae"},"url":"https:\/\/www.capilae.es\/blog\/author\/admin_capilae"}]}},"_links":{"self":[{"href":"https:\/\/www.capilae.es\/blog\/wp-json\/wp\/v2\/posts\/89","targetHints":{"allow":["GET"]}}],"collection":[{"href":"https:\/\/www.capilae.es\/blog\/wp-json\/wp\/v2\/posts"}],"about":[{"href":"https:\/\/www.capilae.es\/blog\/wp-json\/wp\/v2\/types\/post"}],"author":[{"embeddable":true,"href":"https:\/\/www.capilae.es\/blog\/wp-json\/wp\/v2\/users\/1"}],"replies":[{"embeddable":true,"href":"https:\/\/www.capilae.es\/blog\/wp-json\/wp\/v2\/comments?post=89"}],"version-history":[{"count":0,"href":"https:\/\/www.capilae.es\/blog\/wp-json\/wp\/v2\/posts\/89\/revisions"}],"wp:attachment":[{"href":"https:\/\/www.capilae.es\/blog\/wp-json\/wp\/v2\/media?parent=89"}],"wp:term":[{"taxonomy":"category","embeddable":true,"href":"https:\/\/www.capilae.es\/blog\/wp-json\/wp\/v2\/categories?post=89"},{"taxonomy":"post_tag","embeddable":true,"href":"https:\/\/www.capilae.es\/blog\/wp-json\/wp\/v2\/tags?post=89"}],"curies":[{"name":"wp","href":"https:\/\/api.w.org\/{rel}","templated":true}]}}