{"id":926,"date":"2013-04-26T10:48:14","date_gmt":"2013-04-26T10:48:14","guid":{"rendered":"http:\/\/www.capilae.es\/blog\/?p=926"},"modified":"2013-04-26T10:51:42","modified_gmt":"2013-04-26T10:51:42","slug":"926","status":"publish","type":"post","link":"https:\/\/www.capilae.es\/blog\/926\/926","title":{"rendered":"El Dr. Ruiz Alconero, invitado al 7\u00ba Congreso Mundial de Investigaci\u00f3n sobre el pelo."},"content":{"rendered":"<p><a href=\"https:\/\/www.capilae.es\/blog\/wp-content\/uploads\/2013\/04\/Captura-de-pantalla-2013-04-26-a-las-12.42.58.png\"><img loading=\"lazy\" decoding=\"async\" class=\"aligncenter size-medium wp-image-927\" title=\"7th world congress for Hair Research\" src=\"https:\/\/www.capilae.es\/blog\/wp-content\/uploads\/2013\/04\/Captura-de-pantalla-2013-04-26-a-las-12.42.58-300x91.png\" alt=\"\" width=\"300\" height=\"91\" srcset=\"https:\/\/www.capilae.es\/blog\/wp-content\/uploads\/2013\/04\/Captura-de-pantalla-2013-04-26-a-las-12.42.58-300x91.png 300w, https:\/\/www.capilae.es\/blog\/wp-content\/uploads\/2013\/04\/Captura-de-pantalla-2013-04-26-a-las-12.42.58.png 810w\" sizes=\"auto, (max-width: 300px) 100vw, 300px\" \/><\/a><\/p>\n<p>El Dr. Ruiz Alconero, director m\u00e9dico de Capilae, ha sido invitado a participar en el 7\u00ba Congreso Mundial de Investigaci\u00f3n sobre el pelo que se va a llevar a cabo entre los d\u00edas 4 y 6 de Mayo de 2013 en Edinburgo. Este congreso, que se celebra cada 3 a\u00f1os (excepto estos dos a\u00f1os, que ser\u00e1n consecutivos) re\u00fane a lo m\u00e1s granado de la investigaci\u00f3n en la patolog\u00eda capilar. Centrando sus temas sobre todo en los mecanismos bioqu\u00edmicos y neuroendocrinos que regulan el crecimiento y diferenciaci\u00f3n del pelo, tambi\u00e9n se dar\u00e1 un curso cl\u00ednico, as\u00ed como temas sobre la opci\u00f3n quir\u00fargica y m\u00e9dica de cualquier causa de ca\u00edda del pelo.<\/p>\n","protected":false},"excerpt":{"rendered":"<p>El Dr. Ruiz Alconero, director m\u00e9dico de Capilae, ha sido invitado a participar en el 7\u00ba Congreso Mundial de Investigaci\u00f3n sobre el pelo que se va a llevar a cabo entre los d\u00edas 4 y 6 de Mayo de 2013 en Edinburgo. Este congreso, que se celebra cada 3 a\u00f1os (excepto estos dos a\u00f1os, que [&hellip;]<\/p>\n","protected":false},"author":1,"featured_media":0,"comment_status":"open","ping_status":"closed","sticky":false,"template":"","format":"standard","meta":{"footnotes":""},"categories":[75],"tags":[81,83,80,82,79],"class_list":["post-926","post","type-post","status-publish","format-standard","hentry","category-noticias","tag-congreso","tag-dr-ruiz-alconero","tag-hair","tag-microinjerto","tag-transplante-de-pelo"],"yoast_head":"<!-- This site is optimized with the Yoast SEO plugin v23.9 - https:\/\/yoast.com\/wordpress\/plugins\/seo\/ -->\n<title>El Dr. Ruiz Alconero, invitado al 7\u00ba Congreso Mundial de Investigaci\u00f3n sobre el pelo.  - Blog de Capilae.es<\/title>\n<meta name=\"robots\" content=\"index, follow, max-snippet:-1, max-image-preview:large, max-video-preview:-1\" \/>\n<link rel=\"canonical\" href=\"https:\/\/www.capilae.es\/blog\/926\/926\" \/>\n<meta property=\"og:locale\" content=\"es_ES\" \/>\n<meta property=\"og:type\" content=\"article\" \/>\n<meta property=\"og:title\" content=\"El Dr. Ruiz Alconero, invitado al 7\u00ba Congreso Mundial de Investigaci\u00f3n sobre el pelo.  - Blog de Capilae.es\" \/>\n<meta property=\"og:description\" content=\"El Dr. Ruiz Alconero, director m\u00e9dico de Capilae, ha sido invitado a participar en el 7\u00ba Congreso Mundial de Investigaci\u00f3n sobre el pelo que se va a llevar a cabo entre los d\u00edas 4 y 6 de Mayo de 2013 en Edinburgo. Este congreso, que se celebra cada 3 a\u00f1os (excepto estos dos a\u00f1os, que [&hellip;]\" \/>\n<meta property=\"og:url\" content=\"https:\/\/www.capilae.es\/blog\/926\/926\" \/>\n<meta property=\"og:site_name\" content=\"Blog de Capilae.es\" \/>\n<meta property=\"article:publisher\" content=\"https:\/\/www.facebook.com\/pages\/Capilae-Cirug%c3%ada-de-Transplante-Capilar\/\" \/>\n<meta property=\"article:published_time\" content=\"2013-04-26T10:48:14+00:00\" \/>\n<meta property=\"article:modified_time\" content=\"2013-04-26T10:51:42+00:00\" \/>\n<meta property=\"og:image\" content=\"https:\/\/www.capilae.es\/blog\/wp-content\/uploads\/2013\/04\/Captura-de-pantalla-2013-04-26-a-las-12.42.58-300x91.png\" \/>\n<meta name=\"author\" content=\"Admin_capilae\" \/>\n<meta name=\"twitter:label1\" content=\"Escrito por\" \/>\n\t<meta name=\"twitter:data1\" content=\"Admin_capilae\" \/>\n\t<meta name=\"twitter:label2\" content=\"Tiempo de lectura\" \/>\n\t<meta name=\"twitter:data2\" content=\"1 minuto\" \/>\n<script type=\"application\/ld+json\" class=\"yoast-schema-graph\">{\"@context\":\"https:\/\/schema.org\",\"@graph\":[{\"@type\":\"WebPage\",\"@id\":\"https:\/\/www.capilae.es\/blog\/926\/926\",\"url\":\"https:\/\/www.capilae.es\/blog\/926\/926\",\"name\":\"El Dr. Ruiz Alconero, invitado al 7\u00ba Congreso Mundial de Investigaci\u00f3n sobre el pelo. - Blog de Capilae.es\",\"isPartOf\":{\"@id\":\"https:\/\/www.capilae.es\/blog\/#website\"},\"primaryImageOfPage\":{\"@id\":\"https:\/\/www.capilae.es\/blog\/926\/926#primaryimage\"},\"image\":{\"@id\":\"https:\/\/www.capilae.es\/blog\/926\/926#primaryimage\"},\"thumbnailUrl\":\"https:\/\/www.capilae.es\/blog\/wp-content\/uploads\/2013\/04\/Captura-de-pantalla-2013-04-26-a-las-12.42.58-300x91.png\",\"datePublished\":\"2013-04-26T10:48:14+00:00\",\"dateModified\":\"2013-04-26T10:51:42+00:00\",\"author\":{\"@id\":\"https:\/\/www.capilae.es\/blog\/#\/schema\/person\/c34b65e8c9ccb890ea9dfab7aed9ca2a\"},\"breadcrumb\":{\"@id\":\"https:\/\/www.capilae.es\/blog\/926\/926#breadcrumb\"},\"inLanguage\":\"es\",\"potentialAction\":[{\"@type\":\"ReadAction\",\"target\":[\"https:\/\/www.capilae.es\/blog\/926\/926\"]}]},{\"@type\":\"ImageObject\",\"inLanguage\":\"es\",\"@id\":\"https:\/\/www.capilae.es\/blog\/926\/926#primaryimage\",\"url\":\"https:\/\/www.capilae.es\/blog\/wp-content\/uploads\/2013\/04\/Captura-de-pantalla-2013-04-26-a-las-12.42.58.png\",\"contentUrl\":\"https:\/\/www.capilae.es\/blog\/wp-content\/uploads\/2013\/04\/Captura-de-pantalla-2013-04-26-a-las-12.42.58.png\",\"width\":\"810\",\"height\":\"246\"},{\"@type\":\"BreadcrumbList\",\"@id\":\"https:\/\/www.capilae.es\/blog\/926\/926#breadcrumb\",\"itemListElement\":[{\"@type\":\"ListItem\",\"position\":1,\"name\":\"Portada\",\"item\":\"https:\/\/www.capilae.es\/blog\"},{\"@type\":\"ListItem\",\"position\":2,\"name\":\"El Dr. Ruiz Alconero, invitado al 7\u00ba Congreso Mundial de Investigaci\u00f3n sobre el pelo.\"}]},{\"@type\":\"WebSite\",\"@id\":\"https:\/\/www.capilae.es\/blog\/#website\",\"url\":\"https:\/\/www.capilae.es\/blog\/\",\"name\":\"Blog de Capilae.es\",\"description\":\"Noticias sobre cirug\u00eda capilar y trasplante de pelo\",\"potentialAction\":[{\"@type\":\"SearchAction\",\"target\":{\"@type\":\"EntryPoint\",\"urlTemplate\":\"https:\/\/www.capilae.es\/blog\/?s={search_term_string}\"},\"query-input\":{\"@type\":\"PropertyValueSpecification\",\"valueRequired\":true,\"valueName\":\"search_term_string\"}}],\"inLanguage\":\"es\"},{\"@type\":\"Person\",\"@id\":\"https:\/\/www.capilae.es\/blog\/#\/schema\/person\/c34b65e8c9ccb890ea9dfab7aed9ca2a\",\"name\":\"Admin_capilae\",\"image\":{\"@type\":\"ImageObject\",\"inLanguage\":\"es\",\"@id\":\"https:\/\/www.capilae.es\/blog\/#\/schema\/person\/image\/\",\"url\":\"https:\/\/secure.gravatar.com\/avatar\/488c83d3df4f51db14c7dae37c008e2b772722231844b180843ec8eec93dc716?s=96&d=mm&r=g\",\"contentUrl\":\"https:\/\/secure.gravatar.com\/avatar\/488c83d3df4f51db14c7dae37c008e2b772722231844b180843ec8eec93dc716?s=96&d=mm&r=g\",\"caption\":\"Admin_capilae\"},\"url\":\"https:\/\/www.capilae.es\/blog\/author\/admin_capilae\"}]}<\/script>\n<!-- \/ Yoast SEO plugin. -->","yoast_head_json":{"title":"El Dr. Ruiz Alconero, invitado al 7\u00ba Congreso Mundial de Investigaci\u00f3n sobre el pelo.  - Blog de Capilae.es","robots":{"index":"index","follow":"follow","max-snippet":"max-snippet:-1","max-image-preview":"max-image-preview:large","max-video-preview":"max-video-preview:-1"},"canonical":"https:\/\/www.capilae.es\/blog\/926\/926","og_locale":"es_ES","og_type":"article","og_title":"El Dr. Ruiz Alconero, invitado al 7\u00ba Congreso Mundial de Investigaci\u00f3n sobre el pelo.  - Blog de Capilae.es","og_description":"El Dr. Ruiz Alconero, director m\u00e9dico de Capilae, ha sido invitado a participar en el 7\u00ba Congreso Mundial de Investigaci\u00f3n sobre el pelo que se va a llevar a cabo entre los d\u00edas 4 y 6 de Mayo de 2013 en Edinburgo. Este congreso, que se celebra cada 3 a\u00f1os (excepto estos dos a\u00f1os, que [&hellip;]","og_url":"https:\/\/www.capilae.es\/blog\/926\/926","og_site_name":"Blog de Capilae.es","article_publisher":"https:\/\/www.facebook.com\/pages\/Capilae-Cirug%c3%ada-de-Transplante-Capilar\/","article_published_time":"2013-04-26T10:48:14+00:00","article_modified_time":"2013-04-26T10:51:42+00:00","og_image":[{"url":"https:\/\/www.capilae.es\/blog\/wp-content\/uploads\/2013\/04\/Captura-de-pantalla-2013-04-26-a-las-12.42.58-300x91.png"}],"author":"Admin_capilae","twitter_misc":{"Escrito por":"Admin_capilae","Tiempo de lectura":"1 minuto"},"schema":{"@context":"https:\/\/schema.org","@graph":[{"@type":"WebPage","@id":"https:\/\/www.capilae.es\/blog\/926\/926","url":"https:\/\/www.capilae.es\/blog\/926\/926","name":"El Dr. Ruiz Alconero, invitado al 7\u00ba Congreso Mundial de Investigaci\u00f3n sobre el pelo. - Blog de Capilae.es","isPartOf":{"@id":"https:\/\/www.capilae.es\/blog\/#website"},"primaryImageOfPage":{"@id":"https:\/\/www.capilae.es\/blog\/926\/926#primaryimage"},"image":{"@id":"https:\/\/www.capilae.es\/blog\/926\/926#primaryimage"},"thumbnailUrl":"https:\/\/www.capilae.es\/blog\/wp-content\/uploads\/2013\/04\/Captura-de-pantalla-2013-04-26-a-las-12.42.58-300x91.png","datePublished":"2013-04-26T10:48:14+00:00","dateModified":"2013-04-26T10:51:42+00:00","author":{"@id":"https:\/\/www.capilae.es\/blog\/#\/schema\/person\/c34b65e8c9ccb890ea9dfab7aed9ca2a"},"breadcrumb":{"@id":"https:\/\/www.capilae.es\/blog\/926\/926#breadcrumb"},"inLanguage":"es","potentialAction":[{"@type":"ReadAction","target":["https:\/\/www.capilae.es\/blog\/926\/926"]}]},{"@type":"ImageObject","inLanguage":"es","@id":"https:\/\/www.capilae.es\/blog\/926\/926#primaryimage","url":"https:\/\/www.capilae.es\/blog\/wp-content\/uploads\/2013\/04\/Captura-de-pantalla-2013-04-26-a-las-12.42.58.png","contentUrl":"https:\/\/www.capilae.es\/blog\/wp-content\/uploads\/2013\/04\/Captura-de-pantalla-2013-04-26-a-las-12.42.58.png","width":"810","height":"246"},{"@type":"BreadcrumbList","@id":"https:\/\/www.capilae.es\/blog\/926\/926#breadcrumb","itemListElement":[{"@type":"ListItem","position":1,"name":"Portada","item":"https:\/\/www.capilae.es\/blog"},{"@type":"ListItem","position":2,"name":"El Dr. Ruiz Alconero, invitado al 7\u00ba Congreso Mundial de Investigaci\u00f3n sobre el pelo."}]},{"@type":"WebSite","@id":"https:\/\/www.capilae.es\/blog\/#website","url":"https:\/\/www.capilae.es\/blog\/","name":"Blog de Capilae.es","description":"Noticias sobre cirug\u00eda capilar y trasplante de pelo","potentialAction":[{"@type":"SearchAction","target":{"@type":"EntryPoint","urlTemplate":"https:\/\/www.capilae.es\/blog\/?s={search_term_string}"},"query-input":{"@type":"PropertyValueSpecification","valueRequired":true,"valueName":"search_term_string"}}],"inLanguage":"es"},{"@type":"Person","@id":"https:\/\/www.capilae.es\/blog\/#\/schema\/person\/c34b65e8c9ccb890ea9dfab7aed9ca2a","name":"Admin_capilae","image":{"@type":"ImageObject","inLanguage":"es","@id":"https:\/\/www.capilae.es\/blog\/#\/schema\/person\/image\/","url":"https:\/\/secure.gravatar.com\/avatar\/488c83d3df4f51db14c7dae37c008e2b772722231844b180843ec8eec93dc716?s=96&d=mm&r=g","contentUrl":"https:\/\/secure.gravatar.com\/avatar\/488c83d3df4f51db14c7dae37c008e2b772722231844b180843ec8eec93dc716?s=96&d=mm&r=g","caption":"Admin_capilae"},"url":"https:\/\/www.capilae.es\/blog\/author\/admin_capilae"}]}},"_links":{"self":[{"href":"https:\/\/www.capilae.es\/blog\/wp-json\/wp\/v2\/posts\/926","targetHints":{"allow":["GET"]}}],"collection":[{"href":"https:\/\/www.capilae.es\/blog\/wp-json\/wp\/v2\/posts"}],"about":[{"href":"https:\/\/www.capilae.es\/blog\/wp-json\/wp\/v2\/types\/post"}],"author":[{"embeddable":true,"href":"https:\/\/www.capilae.es\/blog\/wp-json\/wp\/v2\/users\/1"}],"replies":[{"embeddable":true,"href":"https:\/\/www.capilae.es\/blog\/wp-json\/wp\/v2\/comments?post=926"}],"version-history":[{"count":5,"href":"https:\/\/www.capilae.es\/blog\/wp-json\/wp\/v2\/posts\/926\/revisions"}],"predecessor-version":[{"id":930,"href":"https:\/\/www.capilae.es\/blog\/wp-json\/wp\/v2\/posts\/926\/revisions\/930"}],"wp:attachment":[{"href":"https:\/\/www.capilae.es\/blog\/wp-json\/wp\/v2\/media?parent=926"}],"wp:term":[{"taxonomy":"category","embeddable":true,"href":"https:\/\/www.capilae.es\/blog\/wp-json\/wp\/v2\/categories?post=926"},{"taxonomy":"post_tag","embeddable":true,"href":"https:\/\/www.capilae.es\/blog\/wp-json\/wp\/v2\/tags?post=926"}],"curies":[{"name":"wp","href":"https:\/\/api.w.org\/{rel}","templated":true}]}}