{"id":941,"date":"2013-05-25T11:26:16","date_gmt":"2013-05-25T11:26:16","guid":{"rendered":"http:\/\/www.capilae.es\/blog\/?p=941"},"modified":"2013-05-25T11:26:16","modified_gmt":"2013-05-25T11:26:16","slug":"el-dr-juan-ruiz-alconero-en-el-congreso-mundial-de-investigacion-de-pelo","status":"publish","type":"post","link":"https:\/\/www.capilae.es\/blog\/941\/el-dr-juan-ruiz-alconero-en-el-congreso-mundial-de-investigacion-de-pelo","title":{"rendered":"El Dr. Juan Ruiz Alconero, en el Congreso Mundial de Investigaci\u00f3n de Pelo"},"content":{"rendered":"<p><a href=\"https:\/\/www.capilae.es\/blog\/wp-content\/uploads\/2013\/05\/IMG_4296.jpg\"><img loading=\"lazy\" decoding=\"async\" class=\"aligncenter size-medium wp-image-942\" title=\"IMG_4296\" src=\"https:\/\/www.capilae.es\/blog\/wp-content\/uploads\/2013\/05\/IMG_4296-225x300.jpg\" alt=\"\" width=\"225\" height=\"300\" srcset=\"https:\/\/www.capilae.es\/blog\/wp-content\/uploads\/2013\/05\/IMG_4296-225x300.jpg 225w, https:\/\/www.capilae.es\/blog\/wp-content\/uploads\/2013\/05\/IMG_4296-768x1024.jpg 768w\" sizes=\"auto, (max-width: 225px) 100vw, 225px\" \/><\/a><\/p>\n<p>El Dr. Ruiz Alconero fue invitado a principios de Mayo al 7\u00ba Congreso Mundial de Investigaci\u00f3n de Pelo, donde se trataron los temas m\u00e1s importantes acerca de la problem\u00e1tica de las patolog\u00edas relacionadas con el pelo. Desde las nuevas l\u00edneas de investigaci\u00f3n en C\u00e9lulas Madre, y la, desgraciadamente, a\u00fan remota posibilidad de la clonaci\u00f3n de pelo, hasta los nuevos avances en el tratamiento de la alopecia areata, y las m\u00e1s novedosas v\u00edas de diagn\u00f3stico para diferenciar la alopecia cicatricial de la alopecia com\u00fan.<\/p>\n<p>De esa manera, el Dr. Ruiz sigue estando a la vanguardia en la formaci\u00f3n y conocimiento de las patolog\u00edas, y los avances que hay sobre ellas. El director m\u00e9dico de CaPiLae fue de los escasos m\u00e9dicos y cient\u00edficos espa\u00f1oles que se desplazaron a Edimburgo para tan importante evento.<\/p>\n","protected":false},"excerpt":{"rendered":"<p>El Dr. Ruiz Alconero fue invitado a principios de Mayo al 7\u00ba Congreso Mundial de Investigaci\u00f3n de Pelo, donde se trataron los temas m\u00e1s importantes acerca de la problem\u00e1tica de las patolog\u00edas relacionadas con el pelo. Desde las nuevas l\u00edneas de investigaci\u00f3n en C\u00e9lulas Madre, y la, desgraciadamente, a\u00fan remota posibilidad de la clonaci\u00f3n de [&hellip;]<\/p>\n","protected":false},"author":1,"featured_media":0,"comment_status":"open","ping_status":"closed","sticky":false,"template":"","format":"standard","meta":{"footnotes":""},"categories":[75],"tags":[81,84,85,39],"class_list":["post-941","post","type-post","status-publish","format-standard","hentry","category-noticias","tag-congreso","tag-dr-juan-ruiz-alconero","tag-investigacion","tag-pelo"],"yoast_head":"<!-- This site is optimized with the Yoast SEO plugin v23.9 - https:\/\/yoast.com\/wordpress\/plugins\/seo\/ -->\n<title>El Dr. Juan Ruiz Alconero, en el Congreso Mundial de Investigaci\u00f3n de Pelo - Blog de Capilae.es<\/title>\n<meta name=\"robots\" content=\"index, follow, max-snippet:-1, max-image-preview:large, max-video-preview:-1\" \/>\n<link rel=\"canonical\" href=\"https:\/\/www.capilae.es\/blog\/941\/el-dr-juan-ruiz-alconero-en-el-congreso-mundial-de-investigacion-de-pelo\" \/>\n<meta property=\"og:locale\" content=\"es_ES\" \/>\n<meta property=\"og:type\" content=\"article\" \/>\n<meta property=\"og:title\" content=\"El Dr. Juan Ruiz Alconero, en el Congreso Mundial de Investigaci\u00f3n de Pelo - Blog de Capilae.es\" \/>\n<meta property=\"og:description\" content=\"El Dr. Ruiz Alconero fue invitado a principios de Mayo al 7\u00ba Congreso Mundial de Investigaci\u00f3n de Pelo, donde se trataron los temas m\u00e1s importantes acerca de la problem\u00e1tica de las patolog\u00edas relacionadas con el pelo. Desde las nuevas l\u00edneas de investigaci\u00f3n en C\u00e9lulas Madre, y la, desgraciadamente, a\u00fan remota posibilidad de la clonaci\u00f3n de [&hellip;]\" \/>\n<meta property=\"og:url\" content=\"https:\/\/www.capilae.es\/blog\/941\/el-dr-juan-ruiz-alconero-en-el-congreso-mundial-de-investigacion-de-pelo\" \/>\n<meta property=\"og:site_name\" content=\"Blog de Capilae.es\" \/>\n<meta property=\"article:publisher\" content=\"https:\/\/www.facebook.com\/pages\/Capilae-Cirug%c3%ada-de-Transplante-Capilar\/\" \/>\n<meta property=\"article:published_time\" content=\"2013-05-25T11:26:16+00:00\" \/>\n<meta property=\"og:image\" content=\"https:\/\/www.capilae.es\/blog\/wp-content\/uploads\/2013\/05\/IMG_4296-225x300.jpg\" \/>\n<meta name=\"author\" content=\"Admin_capilae\" \/>\n<meta name=\"twitter:label1\" content=\"Escrito por\" \/>\n\t<meta name=\"twitter:data1\" content=\"Admin_capilae\" \/>\n\t<meta name=\"twitter:label2\" content=\"Tiempo de lectura\" \/>\n\t<meta name=\"twitter:data2\" content=\"1 minuto\" \/>\n<script type=\"application\/ld+json\" class=\"yoast-schema-graph\">{\"@context\":\"https:\/\/schema.org\",\"@graph\":[{\"@type\":\"WebPage\",\"@id\":\"https:\/\/www.capilae.es\/blog\/941\/el-dr-juan-ruiz-alconero-en-el-congreso-mundial-de-investigacion-de-pelo\",\"url\":\"https:\/\/www.capilae.es\/blog\/941\/el-dr-juan-ruiz-alconero-en-el-congreso-mundial-de-investigacion-de-pelo\",\"name\":\"El Dr. Juan Ruiz Alconero, en el Congreso Mundial de Investigaci\u00f3n de Pelo - Blog de Capilae.es\",\"isPartOf\":{\"@id\":\"https:\/\/www.capilae.es\/blog\/#website\"},\"primaryImageOfPage\":{\"@id\":\"https:\/\/www.capilae.es\/blog\/941\/el-dr-juan-ruiz-alconero-en-el-congreso-mundial-de-investigacion-de-pelo#primaryimage\"},\"image\":{\"@id\":\"https:\/\/www.capilae.es\/blog\/941\/el-dr-juan-ruiz-alconero-en-el-congreso-mundial-de-investigacion-de-pelo#primaryimage\"},\"thumbnailUrl\":\"https:\/\/www.capilae.es\/blog\/wp-content\/uploads\/2013\/05\/IMG_4296-225x300.jpg\",\"datePublished\":\"2013-05-25T11:26:16+00:00\",\"dateModified\":\"2013-05-25T11:26:16+00:00\",\"author\":{\"@id\":\"https:\/\/www.capilae.es\/blog\/#\/schema\/person\/c34b65e8c9ccb890ea9dfab7aed9ca2a\"},\"breadcrumb\":{\"@id\":\"https:\/\/www.capilae.es\/blog\/941\/el-dr-juan-ruiz-alconero-en-el-congreso-mundial-de-investigacion-de-pelo#breadcrumb\"},\"inLanguage\":\"es\",\"potentialAction\":[{\"@type\":\"ReadAction\",\"target\":[\"https:\/\/www.capilae.es\/blog\/941\/el-dr-juan-ruiz-alconero-en-el-congreso-mundial-de-investigacion-de-pelo\"]}]},{\"@type\":\"ImageObject\",\"inLanguage\":\"es\",\"@id\":\"https:\/\/www.capilae.es\/blog\/941\/el-dr-juan-ruiz-alconero-en-el-congreso-mundial-de-investigacion-de-pelo#primaryimage\",\"url\":\"https:\/\/www.capilae.es\/blog\/wp-content\/uploads\/2013\/05\/IMG_4296.jpg\",\"contentUrl\":\"https:\/\/www.capilae.es\/blog\/wp-content\/uploads\/2013\/05\/IMG_4296.jpg\",\"width\":\"2448\",\"height\":\"3264\"},{\"@type\":\"BreadcrumbList\",\"@id\":\"https:\/\/www.capilae.es\/blog\/941\/el-dr-juan-ruiz-alconero-en-el-congreso-mundial-de-investigacion-de-pelo#breadcrumb\",\"itemListElement\":[{\"@type\":\"ListItem\",\"position\":1,\"name\":\"Portada\",\"item\":\"https:\/\/www.capilae.es\/blog\"},{\"@type\":\"ListItem\",\"position\":2,\"name\":\"El Dr. Juan Ruiz Alconero, en el Congreso Mundial de Investigaci\u00f3n de Pelo\"}]},{\"@type\":\"WebSite\",\"@id\":\"https:\/\/www.capilae.es\/blog\/#website\",\"url\":\"https:\/\/www.capilae.es\/blog\/\",\"name\":\"Blog de Capilae.es\",\"description\":\"Noticias sobre cirug\u00eda capilar y trasplante de pelo\",\"potentialAction\":[{\"@type\":\"SearchAction\",\"target\":{\"@type\":\"EntryPoint\",\"urlTemplate\":\"https:\/\/www.capilae.es\/blog\/?s={search_term_string}\"},\"query-input\":{\"@type\":\"PropertyValueSpecification\",\"valueRequired\":true,\"valueName\":\"search_term_string\"}}],\"inLanguage\":\"es\"},{\"@type\":\"Person\",\"@id\":\"https:\/\/www.capilae.es\/blog\/#\/schema\/person\/c34b65e8c9ccb890ea9dfab7aed9ca2a\",\"name\":\"Admin_capilae\",\"image\":{\"@type\":\"ImageObject\",\"inLanguage\":\"es\",\"@id\":\"https:\/\/www.capilae.es\/blog\/#\/schema\/person\/image\/\",\"url\":\"https:\/\/secure.gravatar.com\/avatar\/488c83d3df4f51db14c7dae37c008e2b772722231844b180843ec8eec93dc716?s=96&d=mm&r=g\",\"contentUrl\":\"https:\/\/secure.gravatar.com\/avatar\/488c83d3df4f51db14c7dae37c008e2b772722231844b180843ec8eec93dc716?s=96&d=mm&r=g\",\"caption\":\"Admin_capilae\"},\"url\":\"https:\/\/www.capilae.es\/blog\/author\/admin_capilae\"}]}<\/script>\n<!-- \/ Yoast SEO plugin. -->","yoast_head_json":{"title":"El Dr. Juan Ruiz Alconero, en el Congreso Mundial de Investigaci\u00f3n de Pelo - Blog de Capilae.es","robots":{"index":"index","follow":"follow","max-snippet":"max-snippet:-1","max-image-preview":"max-image-preview:large","max-video-preview":"max-video-preview:-1"},"canonical":"https:\/\/www.capilae.es\/blog\/941\/el-dr-juan-ruiz-alconero-en-el-congreso-mundial-de-investigacion-de-pelo","og_locale":"es_ES","og_type":"article","og_title":"El Dr. Juan Ruiz Alconero, en el Congreso Mundial de Investigaci\u00f3n de Pelo - Blog de Capilae.es","og_description":"El Dr. Ruiz Alconero fue invitado a principios de Mayo al 7\u00ba Congreso Mundial de Investigaci\u00f3n de Pelo, donde se trataron los temas m\u00e1s importantes acerca de la problem\u00e1tica de las patolog\u00edas relacionadas con el pelo. Desde las nuevas l\u00edneas de investigaci\u00f3n en C\u00e9lulas Madre, y la, desgraciadamente, a\u00fan remota posibilidad de la clonaci\u00f3n de [&hellip;]","og_url":"https:\/\/www.capilae.es\/blog\/941\/el-dr-juan-ruiz-alconero-en-el-congreso-mundial-de-investigacion-de-pelo","og_site_name":"Blog de Capilae.es","article_publisher":"https:\/\/www.facebook.com\/pages\/Capilae-Cirug%c3%ada-de-Transplante-Capilar\/","article_published_time":"2013-05-25T11:26:16+00:00","og_image":[{"url":"https:\/\/www.capilae.es\/blog\/wp-content\/uploads\/2013\/05\/IMG_4296-225x300.jpg"}],"author":"Admin_capilae","twitter_misc":{"Escrito por":"Admin_capilae","Tiempo de lectura":"1 minuto"},"schema":{"@context":"https:\/\/schema.org","@graph":[{"@type":"WebPage","@id":"https:\/\/www.capilae.es\/blog\/941\/el-dr-juan-ruiz-alconero-en-el-congreso-mundial-de-investigacion-de-pelo","url":"https:\/\/www.capilae.es\/blog\/941\/el-dr-juan-ruiz-alconero-en-el-congreso-mundial-de-investigacion-de-pelo","name":"El Dr. Juan Ruiz Alconero, en el Congreso Mundial de Investigaci\u00f3n de Pelo - Blog de Capilae.es","isPartOf":{"@id":"https:\/\/www.capilae.es\/blog\/#website"},"primaryImageOfPage":{"@id":"https:\/\/www.capilae.es\/blog\/941\/el-dr-juan-ruiz-alconero-en-el-congreso-mundial-de-investigacion-de-pelo#primaryimage"},"image":{"@id":"https:\/\/www.capilae.es\/blog\/941\/el-dr-juan-ruiz-alconero-en-el-congreso-mundial-de-investigacion-de-pelo#primaryimage"},"thumbnailUrl":"https:\/\/www.capilae.es\/blog\/wp-content\/uploads\/2013\/05\/IMG_4296-225x300.jpg","datePublished":"2013-05-25T11:26:16+00:00","dateModified":"2013-05-25T11:26:16+00:00","author":{"@id":"https:\/\/www.capilae.es\/blog\/#\/schema\/person\/c34b65e8c9ccb890ea9dfab7aed9ca2a"},"breadcrumb":{"@id":"https:\/\/www.capilae.es\/blog\/941\/el-dr-juan-ruiz-alconero-en-el-congreso-mundial-de-investigacion-de-pelo#breadcrumb"},"inLanguage":"es","potentialAction":[{"@type":"ReadAction","target":["https:\/\/www.capilae.es\/blog\/941\/el-dr-juan-ruiz-alconero-en-el-congreso-mundial-de-investigacion-de-pelo"]}]},{"@type":"ImageObject","inLanguage":"es","@id":"https:\/\/www.capilae.es\/blog\/941\/el-dr-juan-ruiz-alconero-en-el-congreso-mundial-de-investigacion-de-pelo#primaryimage","url":"https:\/\/www.capilae.es\/blog\/wp-content\/uploads\/2013\/05\/IMG_4296.jpg","contentUrl":"https:\/\/www.capilae.es\/blog\/wp-content\/uploads\/2013\/05\/IMG_4296.jpg","width":"2448","height":"3264"},{"@type":"BreadcrumbList","@id":"https:\/\/www.capilae.es\/blog\/941\/el-dr-juan-ruiz-alconero-en-el-congreso-mundial-de-investigacion-de-pelo#breadcrumb","itemListElement":[{"@type":"ListItem","position":1,"name":"Portada","item":"https:\/\/www.capilae.es\/blog"},{"@type":"ListItem","position":2,"name":"El Dr. Juan Ruiz Alconero, en el Congreso Mundial de Investigaci\u00f3n de Pelo"}]},{"@type":"WebSite","@id":"https:\/\/www.capilae.es\/blog\/#website","url":"https:\/\/www.capilae.es\/blog\/","name":"Blog de Capilae.es","description":"Noticias sobre cirug\u00eda capilar y trasplante de pelo","potentialAction":[{"@type":"SearchAction","target":{"@type":"EntryPoint","urlTemplate":"https:\/\/www.capilae.es\/blog\/?s={search_term_string}"},"query-input":{"@type":"PropertyValueSpecification","valueRequired":true,"valueName":"search_term_string"}}],"inLanguage":"es"},{"@type":"Person","@id":"https:\/\/www.capilae.es\/blog\/#\/schema\/person\/c34b65e8c9ccb890ea9dfab7aed9ca2a","name":"Admin_capilae","image":{"@type":"ImageObject","inLanguage":"es","@id":"https:\/\/www.capilae.es\/blog\/#\/schema\/person\/image\/","url":"https:\/\/secure.gravatar.com\/avatar\/488c83d3df4f51db14c7dae37c008e2b772722231844b180843ec8eec93dc716?s=96&d=mm&r=g","contentUrl":"https:\/\/secure.gravatar.com\/avatar\/488c83d3df4f51db14c7dae37c008e2b772722231844b180843ec8eec93dc716?s=96&d=mm&r=g","caption":"Admin_capilae"},"url":"https:\/\/www.capilae.es\/blog\/author\/admin_capilae"}]}},"_links":{"self":[{"href":"https:\/\/www.capilae.es\/blog\/wp-json\/wp\/v2\/posts\/941","targetHints":{"allow":["GET"]}}],"collection":[{"href":"https:\/\/www.capilae.es\/blog\/wp-json\/wp\/v2\/posts"}],"about":[{"href":"https:\/\/www.capilae.es\/blog\/wp-json\/wp\/v2\/types\/post"}],"author":[{"embeddable":true,"href":"https:\/\/www.capilae.es\/blog\/wp-json\/wp\/v2\/users\/1"}],"replies":[{"embeddable":true,"href":"https:\/\/www.capilae.es\/blog\/wp-json\/wp\/v2\/comments?post=941"}],"version-history":[{"count":1,"href":"https:\/\/www.capilae.es\/blog\/wp-json\/wp\/v2\/posts\/941\/revisions"}],"predecessor-version":[{"id":943,"href":"https:\/\/www.capilae.es\/blog\/wp-json\/wp\/v2\/posts\/941\/revisions\/943"}],"wp:attachment":[{"href":"https:\/\/www.capilae.es\/blog\/wp-json\/wp\/v2\/media?parent=941"}],"wp:term":[{"taxonomy":"category","embeddable":true,"href":"https:\/\/www.capilae.es\/blog\/wp-json\/wp\/v2\/categories?post=941"},{"taxonomy":"post_tag","embeddable":true,"href":"https:\/\/www.capilae.es\/blog\/wp-json\/wp\/v2\/tags?post=941"}],"curies":[{"name":"wp","href":"https:\/\/api.w.org\/{rel}","templated":true}]}}