{"id":952,"date":"2013-12-19T11:04:10","date_gmt":"2013-12-19T11:04:10","guid":{"rendered":"http:\/\/www.capilae.es\/blog\/?p=952"},"modified":"2013-12-19T11:04:10","modified_gmt":"2013-12-19T11:04:10","slug":"el-dr-ruiz-presenta-2-charlas-en-el-congreso-de-la-femel","status":"publish","type":"post","link":"https:\/\/www.capilae.es\/blog\/952\/el-dr-ruiz-presenta-2-charlas-en-el-congreso-de-la-femel","title":{"rendered":"El Dr. Ruiz presenta 2 charlas en el congreso de la FEMEL"},"content":{"rendered":"<p>El Dr. Juan Ruiz, directos de Capilae, present\u00f3 el pasado 29 de Noviembre en el Colegio de M\u00e9dicos de Madrid, 2 charlas sobre la cirug\u00eda capilar \u00abCasos Complicados en Cirug\u00eda Capilar\u00bb, donde expon\u00eda las actitudes a llevar a cabo en casos especiales como cicatrices o reparar antiguas cirug\u00edas de transplante de pelo de otros colegas. En la segunda Charla, habl\u00f3 sobre \u00abActualizaciones en el Diagn\u00f3stico y Tratamiento de la Alopecia de Patr\u00f3n Femenino\u00bb e intent\u00f3 dar alguna luz a una patolog\u00eda cada vez m\u00e1s com\u00fan y de escasos recursos terap\u00e9uticos.<\/p>\n<p>Las dos charlas fueron un gran \u00e9xito.<\/p>\n<p><a href=\"https:\/\/www.capilae.es\/blog\/wp-content\/uploads\/2013\/12\/IMG_2611.jpg\"><img loading=\"lazy\" decoding=\"async\" class=\"size-medium wp-image-953 alignleft\" alt=\"IMG_2611\" src=\"https:\/\/www.capilae.es\/blog\/wp-content\/uploads\/2013\/12\/IMG_2611-224x300.jpg\" width=\"224\" height=\"300\" srcset=\"https:\/\/www.capilae.es\/blog\/wp-content\/uploads\/2013\/12\/IMG_2611-224x300.jpg 224w, https:\/\/www.capilae.es\/blog\/wp-content\/uploads\/2013\/12\/IMG_2611.jpg 598w\" sizes=\"auto, (max-width: 224px) 100vw, 224px\" \/><\/a><\/p>\n","protected":false},"excerpt":{"rendered":"<p>El Dr. Juan Ruiz, directos de Capilae, present\u00f3 el pasado 29 de Noviembre en el Colegio de M\u00e9dicos de Madrid, 2 charlas sobre la cirug\u00eda capilar \u00abCasos Complicados en Cirug\u00eda Capilar\u00bb, donde expon\u00eda las actitudes a llevar a cabo en casos especiales como cicatrices o reparar antiguas cirug\u00edas de transplante de pelo de otros colegas. [&hellip;]<\/p>\n","protected":false},"author":1,"featured_media":0,"comment_status":"open","ping_status":"closed","sticky":false,"template":"","format":"standard","meta":{"footnotes":""},"categories":[75],"tags":[35,32,3,81,13,85,28,41],"class_list":["post-952","post","type-post","status-publish","format-standard","hentry","category-noticias","tag-caida-del-pelo-2","tag-cirugia","tag-cirugia-capilar","tag-congreso","tag-injerto-capilar-2","tag-investigacion","tag-juan-ruiz-alconero","tag-tratamiento"],"yoast_head":"<!-- This site is optimized with the Yoast SEO plugin v23.9 - https:\/\/yoast.com\/wordpress\/plugins\/seo\/ -->\n<title>El Dr. Ruiz presenta 2 charlas en el congreso de la FEMEL - Blog de Capilae.es<\/title>\n<meta name=\"robots\" content=\"index, follow, max-snippet:-1, max-image-preview:large, max-video-preview:-1\" \/>\n<link rel=\"canonical\" href=\"https:\/\/www.capilae.es\/blog\/952\/el-dr-ruiz-presenta-2-charlas-en-el-congreso-de-la-femel\" \/>\n<meta property=\"og:locale\" content=\"es_ES\" \/>\n<meta property=\"og:type\" content=\"article\" \/>\n<meta property=\"og:title\" content=\"El Dr. Ruiz presenta 2 charlas en el congreso de la FEMEL - Blog de Capilae.es\" \/>\n<meta property=\"og:description\" content=\"El Dr. Juan Ruiz, directos de Capilae, present\u00f3 el pasado 29 de Noviembre en el Colegio de M\u00e9dicos de Madrid, 2 charlas sobre la cirug\u00eda capilar \u00abCasos Complicados en Cirug\u00eda Capilar\u00bb, donde expon\u00eda las actitudes a llevar a cabo en casos especiales como cicatrices o reparar antiguas cirug\u00edas de transplante de pelo de otros colegas. [&hellip;]\" \/>\n<meta property=\"og:url\" content=\"https:\/\/www.capilae.es\/blog\/952\/el-dr-ruiz-presenta-2-charlas-en-el-congreso-de-la-femel\" \/>\n<meta property=\"og:site_name\" content=\"Blog de Capilae.es\" \/>\n<meta property=\"article:publisher\" content=\"https:\/\/www.facebook.com\/pages\/Capilae-Cirug%c3%ada-de-Transplante-Capilar\/\" \/>\n<meta property=\"article:published_time\" content=\"2013-12-19T11:04:10+00:00\" \/>\n<meta property=\"og:image\" content=\"https:\/\/www.capilae.es\/blog\/wp-content\/uploads\/2013\/12\/IMG_2611-224x300.jpg\" \/>\n<meta name=\"author\" content=\"Admin_capilae\" \/>\n<meta name=\"twitter:label1\" content=\"Escrito por\" \/>\n\t<meta name=\"twitter:data1\" content=\"Admin_capilae\" \/>\n\t<meta name=\"twitter:label2\" content=\"Tiempo de lectura\" \/>\n\t<meta name=\"twitter:data2\" content=\"1 minuto\" \/>\n<script type=\"application\/ld+json\" class=\"yoast-schema-graph\">{\"@context\":\"https:\/\/schema.org\",\"@graph\":[{\"@type\":\"WebPage\",\"@id\":\"https:\/\/www.capilae.es\/blog\/952\/el-dr-ruiz-presenta-2-charlas-en-el-congreso-de-la-femel\",\"url\":\"https:\/\/www.capilae.es\/blog\/952\/el-dr-ruiz-presenta-2-charlas-en-el-congreso-de-la-femel\",\"name\":\"El Dr. Ruiz presenta 2 charlas en el congreso de la FEMEL - Blog de Capilae.es\",\"isPartOf\":{\"@id\":\"https:\/\/www.capilae.es\/blog\/#website\"},\"primaryImageOfPage\":{\"@id\":\"https:\/\/www.capilae.es\/blog\/952\/el-dr-ruiz-presenta-2-charlas-en-el-congreso-de-la-femel#primaryimage\"},\"image\":{\"@id\":\"https:\/\/www.capilae.es\/blog\/952\/el-dr-ruiz-presenta-2-charlas-en-el-congreso-de-la-femel#primaryimage\"},\"thumbnailUrl\":\"https:\/\/www.capilae.es\/blog\/wp-content\/uploads\/2013\/12\/IMG_2611-224x300.jpg\",\"datePublished\":\"2013-12-19T11:04:10+00:00\",\"dateModified\":\"2013-12-19T11:04:10+00:00\",\"author\":{\"@id\":\"https:\/\/www.capilae.es\/blog\/#\/schema\/person\/c34b65e8c9ccb890ea9dfab7aed9ca2a\"},\"breadcrumb\":{\"@id\":\"https:\/\/www.capilae.es\/blog\/952\/el-dr-ruiz-presenta-2-charlas-en-el-congreso-de-la-femel#breadcrumb\"},\"inLanguage\":\"es\",\"potentialAction\":[{\"@type\":\"ReadAction\",\"target\":[\"https:\/\/www.capilae.es\/blog\/952\/el-dr-ruiz-presenta-2-charlas-en-el-congreso-de-la-femel\"]}]},{\"@type\":\"ImageObject\",\"inLanguage\":\"es\",\"@id\":\"https:\/\/www.capilae.es\/blog\/952\/el-dr-ruiz-presenta-2-charlas-en-el-congreso-de-la-femel#primaryimage\",\"url\":\"https:\/\/www.capilae.es\/blog\/wp-content\/uploads\/2013\/12\/IMG_2611.jpg\",\"contentUrl\":\"https:\/\/www.capilae.es\/blog\/wp-content\/uploads\/2013\/12\/IMG_2611.jpg\",\"width\":598,\"height\":800},{\"@type\":\"BreadcrumbList\",\"@id\":\"https:\/\/www.capilae.es\/blog\/952\/el-dr-ruiz-presenta-2-charlas-en-el-congreso-de-la-femel#breadcrumb\",\"itemListElement\":[{\"@type\":\"ListItem\",\"position\":1,\"name\":\"Portada\",\"item\":\"https:\/\/www.capilae.es\/blog\"},{\"@type\":\"ListItem\",\"position\":2,\"name\":\"El Dr. Ruiz presenta 2 charlas en el congreso de la FEMEL\"}]},{\"@type\":\"WebSite\",\"@id\":\"https:\/\/www.capilae.es\/blog\/#website\",\"url\":\"https:\/\/www.capilae.es\/blog\/\",\"name\":\"Blog de Capilae.es\",\"description\":\"Noticias sobre cirug\u00eda capilar y trasplante de pelo\",\"potentialAction\":[{\"@type\":\"SearchAction\",\"target\":{\"@type\":\"EntryPoint\",\"urlTemplate\":\"https:\/\/www.capilae.es\/blog\/?s={search_term_string}\"},\"query-input\":{\"@type\":\"PropertyValueSpecification\",\"valueRequired\":true,\"valueName\":\"search_term_string\"}}],\"inLanguage\":\"es\"},{\"@type\":\"Person\",\"@id\":\"https:\/\/www.capilae.es\/blog\/#\/schema\/person\/c34b65e8c9ccb890ea9dfab7aed9ca2a\",\"name\":\"Admin_capilae\",\"image\":{\"@type\":\"ImageObject\",\"inLanguage\":\"es\",\"@id\":\"https:\/\/www.capilae.es\/blog\/#\/schema\/person\/image\/\",\"url\":\"https:\/\/secure.gravatar.com\/avatar\/488c83d3df4f51db14c7dae37c008e2b772722231844b180843ec8eec93dc716?s=96&d=mm&r=g\",\"contentUrl\":\"https:\/\/secure.gravatar.com\/avatar\/488c83d3df4f51db14c7dae37c008e2b772722231844b180843ec8eec93dc716?s=96&d=mm&r=g\",\"caption\":\"Admin_capilae\"},\"url\":\"https:\/\/www.capilae.es\/blog\/author\/admin_capilae\"}]}<\/script>\n<!-- \/ Yoast SEO plugin. -->","yoast_head_json":{"title":"El Dr. Ruiz presenta 2 charlas en el congreso de la FEMEL - Blog de Capilae.es","robots":{"index":"index","follow":"follow","max-snippet":"max-snippet:-1","max-image-preview":"max-image-preview:large","max-video-preview":"max-video-preview:-1"},"canonical":"https:\/\/www.capilae.es\/blog\/952\/el-dr-ruiz-presenta-2-charlas-en-el-congreso-de-la-femel","og_locale":"es_ES","og_type":"article","og_title":"El Dr. Ruiz presenta 2 charlas en el congreso de la FEMEL - Blog de Capilae.es","og_description":"El Dr. Juan Ruiz, directos de Capilae, present\u00f3 el pasado 29 de Noviembre en el Colegio de M\u00e9dicos de Madrid, 2 charlas sobre la cirug\u00eda capilar \u00abCasos Complicados en Cirug\u00eda Capilar\u00bb, donde expon\u00eda las actitudes a llevar a cabo en casos especiales como cicatrices o reparar antiguas cirug\u00edas de transplante de pelo de otros colegas. [&hellip;]","og_url":"https:\/\/www.capilae.es\/blog\/952\/el-dr-ruiz-presenta-2-charlas-en-el-congreso-de-la-femel","og_site_name":"Blog de Capilae.es","article_publisher":"https:\/\/www.facebook.com\/pages\/Capilae-Cirug%c3%ada-de-Transplante-Capilar\/","article_published_time":"2013-12-19T11:04:10+00:00","og_image":[{"url":"https:\/\/www.capilae.es\/blog\/wp-content\/uploads\/2013\/12\/IMG_2611-224x300.jpg"}],"author":"Admin_capilae","twitter_misc":{"Escrito por":"Admin_capilae","Tiempo de lectura":"1 minuto"},"schema":{"@context":"https:\/\/schema.org","@graph":[{"@type":"WebPage","@id":"https:\/\/www.capilae.es\/blog\/952\/el-dr-ruiz-presenta-2-charlas-en-el-congreso-de-la-femel","url":"https:\/\/www.capilae.es\/blog\/952\/el-dr-ruiz-presenta-2-charlas-en-el-congreso-de-la-femel","name":"El Dr. Ruiz presenta 2 charlas en el congreso de la FEMEL - Blog de Capilae.es","isPartOf":{"@id":"https:\/\/www.capilae.es\/blog\/#website"},"primaryImageOfPage":{"@id":"https:\/\/www.capilae.es\/blog\/952\/el-dr-ruiz-presenta-2-charlas-en-el-congreso-de-la-femel#primaryimage"},"image":{"@id":"https:\/\/www.capilae.es\/blog\/952\/el-dr-ruiz-presenta-2-charlas-en-el-congreso-de-la-femel#primaryimage"},"thumbnailUrl":"https:\/\/www.capilae.es\/blog\/wp-content\/uploads\/2013\/12\/IMG_2611-224x300.jpg","datePublished":"2013-12-19T11:04:10+00:00","dateModified":"2013-12-19T11:04:10+00:00","author":{"@id":"https:\/\/www.capilae.es\/blog\/#\/schema\/person\/c34b65e8c9ccb890ea9dfab7aed9ca2a"},"breadcrumb":{"@id":"https:\/\/www.capilae.es\/blog\/952\/el-dr-ruiz-presenta-2-charlas-en-el-congreso-de-la-femel#breadcrumb"},"inLanguage":"es","potentialAction":[{"@type":"ReadAction","target":["https:\/\/www.capilae.es\/blog\/952\/el-dr-ruiz-presenta-2-charlas-en-el-congreso-de-la-femel"]}]},{"@type":"ImageObject","inLanguage":"es","@id":"https:\/\/www.capilae.es\/blog\/952\/el-dr-ruiz-presenta-2-charlas-en-el-congreso-de-la-femel#primaryimage","url":"https:\/\/www.capilae.es\/blog\/wp-content\/uploads\/2013\/12\/IMG_2611.jpg","contentUrl":"https:\/\/www.capilae.es\/blog\/wp-content\/uploads\/2013\/12\/IMG_2611.jpg","width":598,"height":800},{"@type":"BreadcrumbList","@id":"https:\/\/www.capilae.es\/blog\/952\/el-dr-ruiz-presenta-2-charlas-en-el-congreso-de-la-femel#breadcrumb","itemListElement":[{"@type":"ListItem","position":1,"name":"Portada","item":"https:\/\/www.capilae.es\/blog"},{"@type":"ListItem","position":2,"name":"El Dr. Ruiz presenta 2 charlas en el congreso de la FEMEL"}]},{"@type":"WebSite","@id":"https:\/\/www.capilae.es\/blog\/#website","url":"https:\/\/www.capilae.es\/blog\/","name":"Blog de Capilae.es","description":"Noticias sobre cirug\u00eda capilar y trasplante de pelo","potentialAction":[{"@type":"SearchAction","target":{"@type":"EntryPoint","urlTemplate":"https:\/\/www.capilae.es\/blog\/?s={search_term_string}"},"query-input":{"@type":"PropertyValueSpecification","valueRequired":true,"valueName":"search_term_string"}}],"inLanguage":"es"},{"@type":"Person","@id":"https:\/\/www.capilae.es\/blog\/#\/schema\/person\/c34b65e8c9ccb890ea9dfab7aed9ca2a","name":"Admin_capilae","image":{"@type":"ImageObject","inLanguage":"es","@id":"https:\/\/www.capilae.es\/blog\/#\/schema\/person\/image\/","url":"https:\/\/secure.gravatar.com\/avatar\/488c83d3df4f51db14c7dae37c008e2b772722231844b180843ec8eec93dc716?s=96&d=mm&r=g","contentUrl":"https:\/\/secure.gravatar.com\/avatar\/488c83d3df4f51db14c7dae37c008e2b772722231844b180843ec8eec93dc716?s=96&d=mm&r=g","caption":"Admin_capilae"},"url":"https:\/\/www.capilae.es\/blog\/author\/admin_capilae"}]}},"_links":{"self":[{"href":"https:\/\/www.capilae.es\/blog\/wp-json\/wp\/v2\/posts\/952","targetHints":{"allow":["GET"]}}],"collection":[{"href":"https:\/\/www.capilae.es\/blog\/wp-json\/wp\/v2\/posts"}],"about":[{"href":"https:\/\/www.capilae.es\/blog\/wp-json\/wp\/v2\/types\/post"}],"author":[{"embeddable":true,"href":"https:\/\/www.capilae.es\/blog\/wp-json\/wp\/v2\/users\/1"}],"replies":[{"embeddable":true,"href":"https:\/\/www.capilae.es\/blog\/wp-json\/wp\/v2\/comments?post=952"}],"version-history":[{"count":1,"href":"https:\/\/www.capilae.es\/blog\/wp-json\/wp\/v2\/posts\/952\/revisions"}],"predecessor-version":[{"id":954,"href":"https:\/\/www.capilae.es\/blog\/wp-json\/wp\/v2\/posts\/952\/revisions\/954"}],"wp:attachment":[{"href":"https:\/\/www.capilae.es\/blog\/wp-json\/wp\/v2\/media?parent=952"}],"wp:term":[{"taxonomy":"category","embeddable":true,"href":"https:\/\/www.capilae.es\/blog\/wp-json\/wp\/v2\/categories?post=952"},{"taxonomy":"post_tag","embeddable":true,"href":"https:\/\/www.capilae.es\/blog\/wp-json\/wp\/v2\/tags?post=952"}],"curies":[{"name":"wp","href":"https:\/\/api.w.org\/{rel}","templated":true}]}}