{"id":973,"date":"2014-10-16T19:34:35","date_gmt":"2014-10-16T19:34:35","guid":{"rendered":"http:\/\/www.capilae.es\/blog\/?p=973"},"modified":"2014-10-23T14:31:09","modified_gmt":"2014-10-23T14:31:09","slug":"reducir-el-tamano-del-punch-en-el-fue-fundamental-para-un-buen-resultado","status":"publish","type":"post","link":"https:\/\/www.capilae.es\/blog\/973\/reducir-el-tamano-del-punch-en-el-fue-fundamental-para-un-buen-resultado","title":{"rendered":"Reducir el tama\u00f1o del punch en el FUE, fundamental para un buen resultado"},"content":{"rendered":"<p>Si hay algo que tenemos claro con la evoluci\u00f3n de la t\u00e9cnica FUE, es que el tama\u00f1o del punch es fundamental para conseguir un buen resultado y minimizar las posibles secuelas.<\/p>\n<p>Est\u00e1 claro que el FUE no es un proceso sin cicatrices (al fin y al cabo nos llevamos peque\u00f1os cilindros de tejido con cada extracci\u00f3n). Ahora bien, no es lo mismo trabajar con punches de 1.0 mm de di\u00e1metro o de 1.2, como muchas cl\u00ednicas. El usar un punch de 0.8 mm (como hacemos en capilae) no s\u00f3lo reduce el volumen de tejido extra\u00eddo en casi un 35%, si no que permite optimizar el \u00e1rea donante y as\u00ed conseguir un mayor n\u00famero de unidades foliculares. Adem\u00e1s, la recuperaci\u00f3n es m\u00e1s r\u00e1pida, y las marcas no se notan. (ver las fotos para darse cuenta de las cicatrices de un punch de 1.1 mm)<\/p>\n<p><a href=\"https:\/\/www.capilae.es\/blog\/wp-content\/uploads\/2014\/10\/cicatrices-FUE.001.jpg\"><img loading=\"lazy\" decoding=\"async\" class=\"aligncenter size-medium wp-image-974\" alt=\"cicatrices FUE.001\" src=\"https:\/\/www.capilae.es\/blog\/wp-content\/uploads\/2014\/10\/cicatrices-FUE.001-300x225.jpg\" width=\"300\" height=\"225\" srcset=\"https:\/\/www.capilae.es\/blog\/wp-content\/uploads\/2014\/10\/cicatrices-FUE.001-300x225.jpg 300w, https:\/\/www.capilae.es\/blog\/wp-content\/uploads\/2014\/10\/cicatrices-FUE.001.jpg 1024w\" sizes=\"auto, (max-width: 300px) 100vw, 300px\" \/><\/a><\/p>\n","protected":false},"excerpt":{"rendered":"<p>Si hay algo que tenemos claro con la evoluci\u00f3n de la t\u00e9cnica FUE, es que el tama\u00f1o del punch es fundamental para conseguir un buen resultado y minimizar las posibles secuelas. Est\u00e1 claro que el FUE no es un proceso sin cicatrices (al fin y al cabo nos llevamos peque\u00f1os cilindros de tejido con cada [&hellip;]<\/p>\n","protected":false},"author":1,"featured_media":0,"comment_status":"open","ping_status":"closed","sticky":false,"template":"","format":"standard","meta":{"footnotes":""},"categories":[88,90,75],"tags":[],"class_list":["post-973","post","type-post","status-publish","format-standard","hentry","category-cirugia-capilar-2","category-cirugia-fue","category-noticias"],"yoast_head":"<!-- This site is optimized with the Yoast SEO plugin v23.9 - https:\/\/yoast.com\/wordpress\/plugins\/seo\/ -->\n<title>Reducir el tama\u00f1o del punch en el FUE, fundamental para un buen resultado - Blog de Capilae.es<\/title>\n<meta name=\"robots\" content=\"index, follow, max-snippet:-1, max-image-preview:large, max-video-preview:-1\" \/>\n<link rel=\"canonical\" href=\"https:\/\/www.capilae.es\/blog\/973\/reducir-el-tamano-del-punch-en-el-fue-fundamental-para-un-buen-resultado\" \/>\n<meta property=\"og:locale\" content=\"es_ES\" \/>\n<meta property=\"og:type\" content=\"article\" \/>\n<meta property=\"og:title\" content=\"Reducir el tama\u00f1o del punch en el FUE, fundamental para un buen resultado - Blog de Capilae.es\" \/>\n<meta property=\"og:description\" content=\"Si hay algo que tenemos claro con la evoluci\u00f3n de la t\u00e9cnica FUE, es que el tama\u00f1o del punch es fundamental para conseguir un buen resultado y minimizar las posibles secuelas. Est\u00e1 claro que el FUE no es un proceso sin cicatrices (al fin y al cabo nos llevamos peque\u00f1os cilindros de tejido con cada [&hellip;]\" \/>\n<meta property=\"og:url\" content=\"https:\/\/www.capilae.es\/blog\/973\/reducir-el-tamano-del-punch-en-el-fue-fundamental-para-un-buen-resultado\" \/>\n<meta property=\"og:site_name\" content=\"Blog de Capilae.es\" \/>\n<meta property=\"article:publisher\" content=\"https:\/\/www.facebook.com\/pages\/Capilae-Cirug%c3%ada-de-Transplante-Capilar\/\" \/>\n<meta property=\"article:published_time\" content=\"2014-10-16T19:34:35+00:00\" \/>\n<meta property=\"article:modified_time\" content=\"2014-10-23T14:31:09+00:00\" \/>\n<meta property=\"og:image\" content=\"https:\/\/www.capilae.es\/blog\/wp-content\/uploads\/2014\/10\/cicatrices-FUE.001-300x225.jpg\" \/>\n<meta name=\"author\" content=\"Admin_capilae\" \/>\n<meta name=\"twitter:label1\" content=\"Escrito por\" \/>\n\t<meta name=\"twitter:data1\" content=\"Admin_capilae\" \/>\n\t<meta name=\"twitter:label2\" content=\"Tiempo de lectura\" \/>\n\t<meta name=\"twitter:data2\" content=\"1 minuto\" \/>\n<script type=\"application\/ld+json\" class=\"yoast-schema-graph\">{\"@context\":\"https:\/\/schema.org\",\"@graph\":[{\"@type\":\"WebPage\",\"@id\":\"https:\/\/www.capilae.es\/blog\/973\/reducir-el-tamano-del-punch-en-el-fue-fundamental-para-un-buen-resultado\",\"url\":\"https:\/\/www.capilae.es\/blog\/973\/reducir-el-tamano-del-punch-en-el-fue-fundamental-para-un-buen-resultado\",\"name\":\"Reducir el tama\u00f1o del punch en el FUE, fundamental para un buen resultado - Blog de Capilae.es\",\"isPartOf\":{\"@id\":\"https:\/\/www.capilae.es\/blog\/#website\"},\"primaryImageOfPage\":{\"@id\":\"https:\/\/www.capilae.es\/blog\/973\/reducir-el-tamano-del-punch-en-el-fue-fundamental-para-un-buen-resultado#primaryimage\"},\"image\":{\"@id\":\"https:\/\/www.capilae.es\/blog\/973\/reducir-el-tamano-del-punch-en-el-fue-fundamental-para-un-buen-resultado#primaryimage\"},\"thumbnailUrl\":\"https:\/\/www.capilae.es\/blog\/wp-content\/uploads\/2014\/10\/cicatrices-FUE.001-300x225.jpg\",\"datePublished\":\"2014-10-16T19:34:35+00:00\",\"dateModified\":\"2014-10-23T14:31:09+00:00\",\"author\":{\"@id\":\"https:\/\/www.capilae.es\/blog\/#\/schema\/person\/c34b65e8c9ccb890ea9dfab7aed9ca2a\"},\"breadcrumb\":{\"@id\":\"https:\/\/www.capilae.es\/blog\/973\/reducir-el-tamano-del-punch-en-el-fue-fundamental-para-un-buen-resultado#breadcrumb\"},\"inLanguage\":\"es\",\"potentialAction\":[{\"@type\":\"ReadAction\",\"target\":[\"https:\/\/www.capilae.es\/blog\/973\/reducir-el-tamano-del-punch-en-el-fue-fundamental-para-un-buen-resultado\"]}]},{\"@type\":\"ImageObject\",\"inLanguage\":\"es\",\"@id\":\"https:\/\/www.capilae.es\/blog\/973\/reducir-el-tamano-del-punch-en-el-fue-fundamental-para-un-buen-resultado#primaryimage\",\"url\":\"https:\/\/www.capilae.es\/blog\/wp-content\/uploads\/2014\/10\/cicatrices-FUE.001.jpg\",\"contentUrl\":\"https:\/\/www.capilae.es\/blog\/wp-content\/uploads\/2014\/10\/cicatrices-FUE.001.jpg\",\"width\":1024,\"height\":768},{\"@type\":\"BreadcrumbList\",\"@id\":\"https:\/\/www.capilae.es\/blog\/973\/reducir-el-tamano-del-punch-en-el-fue-fundamental-para-un-buen-resultado#breadcrumb\",\"itemListElement\":[{\"@type\":\"ListItem\",\"position\":1,\"name\":\"Portada\",\"item\":\"https:\/\/www.capilae.es\/blog\"},{\"@type\":\"ListItem\",\"position\":2,\"name\":\"Reducir el tama\u00f1o del punch en el FUE, fundamental para un buen resultado\"}]},{\"@type\":\"WebSite\",\"@id\":\"https:\/\/www.capilae.es\/blog\/#website\",\"url\":\"https:\/\/www.capilae.es\/blog\/\",\"name\":\"Blog de Capilae.es\",\"description\":\"Noticias sobre cirug\u00eda capilar y trasplante de pelo\",\"potentialAction\":[{\"@type\":\"SearchAction\",\"target\":{\"@type\":\"EntryPoint\",\"urlTemplate\":\"https:\/\/www.capilae.es\/blog\/?s={search_term_string}\"},\"query-input\":{\"@type\":\"PropertyValueSpecification\",\"valueRequired\":true,\"valueName\":\"search_term_string\"}}],\"inLanguage\":\"es\"},{\"@type\":\"Person\",\"@id\":\"https:\/\/www.capilae.es\/blog\/#\/schema\/person\/c34b65e8c9ccb890ea9dfab7aed9ca2a\",\"name\":\"Admin_capilae\",\"image\":{\"@type\":\"ImageObject\",\"inLanguage\":\"es\",\"@id\":\"https:\/\/www.capilae.es\/blog\/#\/schema\/person\/image\/\",\"url\":\"https:\/\/secure.gravatar.com\/avatar\/488c83d3df4f51db14c7dae37c008e2b772722231844b180843ec8eec93dc716?s=96&d=mm&r=g\",\"contentUrl\":\"https:\/\/secure.gravatar.com\/avatar\/488c83d3df4f51db14c7dae37c008e2b772722231844b180843ec8eec93dc716?s=96&d=mm&r=g\",\"caption\":\"Admin_capilae\"},\"url\":\"https:\/\/www.capilae.es\/blog\/author\/admin_capilae\"}]}<\/script>\n<!-- \/ Yoast SEO plugin. -->","yoast_head_json":{"title":"Reducir el tama\u00f1o del punch en el FUE, fundamental para un buen resultado - Blog de Capilae.es","robots":{"index":"index","follow":"follow","max-snippet":"max-snippet:-1","max-image-preview":"max-image-preview:large","max-video-preview":"max-video-preview:-1"},"canonical":"https:\/\/www.capilae.es\/blog\/973\/reducir-el-tamano-del-punch-en-el-fue-fundamental-para-un-buen-resultado","og_locale":"es_ES","og_type":"article","og_title":"Reducir el tama\u00f1o del punch en el FUE, fundamental para un buen resultado - Blog de Capilae.es","og_description":"Si hay algo que tenemos claro con la evoluci\u00f3n de la t\u00e9cnica FUE, es que el tama\u00f1o del punch es fundamental para conseguir un buen resultado y minimizar las posibles secuelas. Est\u00e1 claro que el FUE no es un proceso sin cicatrices (al fin y al cabo nos llevamos peque\u00f1os cilindros de tejido con cada [&hellip;]","og_url":"https:\/\/www.capilae.es\/blog\/973\/reducir-el-tamano-del-punch-en-el-fue-fundamental-para-un-buen-resultado","og_site_name":"Blog de Capilae.es","article_publisher":"https:\/\/www.facebook.com\/pages\/Capilae-Cirug%c3%ada-de-Transplante-Capilar\/","article_published_time":"2014-10-16T19:34:35+00:00","article_modified_time":"2014-10-23T14:31:09+00:00","og_image":[{"url":"https:\/\/www.capilae.es\/blog\/wp-content\/uploads\/2014\/10\/cicatrices-FUE.001-300x225.jpg"}],"author":"Admin_capilae","twitter_misc":{"Escrito por":"Admin_capilae","Tiempo de lectura":"1 minuto"},"schema":{"@context":"https:\/\/schema.org","@graph":[{"@type":"WebPage","@id":"https:\/\/www.capilae.es\/blog\/973\/reducir-el-tamano-del-punch-en-el-fue-fundamental-para-un-buen-resultado","url":"https:\/\/www.capilae.es\/blog\/973\/reducir-el-tamano-del-punch-en-el-fue-fundamental-para-un-buen-resultado","name":"Reducir el tama\u00f1o del punch en el FUE, fundamental para un buen resultado - Blog de Capilae.es","isPartOf":{"@id":"https:\/\/www.capilae.es\/blog\/#website"},"primaryImageOfPage":{"@id":"https:\/\/www.capilae.es\/blog\/973\/reducir-el-tamano-del-punch-en-el-fue-fundamental-para-un-buen-resultado#primaryimage"},"image":{"@id":"https:\/\/www.capilae.es\/blog\/973\/reducir-el-tamano-del-punch-en-el-fue-fundamental-para-un-buen-resultado#primaryimage"},"thumbnailUrl":"https:\/\/www.capilae.es\/blog\/wp-content\/uploads\/2014\/10\/cicatrices-FUE.001-300x225.jpg","datePublished":"2014-10-16T19:34:35+00:00","dateModified":"2014-10-23T14:31:09+00:00","author":{"@id":"https:\/\/www.capilae.es\/blog\/#\/schema\/person\/c34b65e8c9ccb890ea9dfab7aed9ca2a"},"breadcrumb":{"@id":"https:\/\/www.capilae.es\/blog\/973\/reducir-el-tamano-del-punch-en-el-fue-fundamental-para-un-buen-resultado#breadcrumb"},"inLanguage":"es","potentialAction":[{"@type":"ReadAction","target":["https:\/\/www.capilae.es\/blog\/973\/reducir-el-tamano-del-punch-en-el-fue-fundamental-para-un-buen-resultado"]}]},{"@type":"ImageObject","inLanguage":"es","@id":"https:\/\/www.capilae.es\/blog\/973\/reducir-el-tamano-del-punch-en-el-fue-fundamental-para-un-buen-resultado#primaryimage","url":"https:\/\/www.capilae.es\/blog\/wp-content\/uploads\/2014\/10\/cicatrices-FUE.001.jpg","contentUrl":"https:\/\/www.capilae.es\/blog\/wp-content\/uploads\/2014\/10\/cicatrices-FUE.001.jpg","width":1024,"height":768},{"@type":"BreadcrumbList","@id":"https:\/\/www.capilae.es\/blog\/973\/reducir-el-tamano-del-punch-en-el-fue-fundamental-para-un-buen-resultado#breadcrumb","itemListElement":[{"@type":"ListItem","position":1,"name":"Portada","item":"https:\/\/www.capilae.es\/blog"},{"@type":"ListItem","position":2,"name":"Reducir el tama\u00f1o del punch en el FUE, fundamental para un buen resultado"}]},{"@type":"WebSite","@id":"https:\/\/www.capilae.es\/blog\/#website","url":"https:\/\/www.capilae.es\/blog\/","name":"Blog de Capilae.es","description":"Noticias sobre cirug\u00eda capilar y trasplante de pelo","potentialAction":[{"@type":"SearchAction","target":{"@type":"EntryPoint","urlTemplate":"https:\/\/www.capilae.es\/blog\/?s={search_term_string}"},"query-input":{"@type":"PropertyValueSpecification","valueRequired":true,"valueName":"search_term_string"}}],"inLanguage":"es"},{"@type":"Person","@id":"https:\/\/www.capilae.es\/blog\/#\/schema\/person\/c34b65e8c9ccb890ea9dfab7aed9ca2a","name":"Admin_capilae","image":{"@type":"ImageObject","inLanguage":"es","@id":"https:\/\/www.capilae.es\/blog\/#\/schema\/person\/image\/","url":"https:\/\/secure.gravatar.com\/avatar\/488c83d3df4f51db14c7dae37c008e2b772722231844b180843ec8eec93dc716?s=96&d=mm&r=g","contentUrl":"https:\/\/secure.gravatar.com\/avatar\/488c83d3df4f51db14c7dae37c008e2b772722231844b180843ec8eec93dc716?s=96&d=mm&r=g","caption":"Admin_capilae"},"url":"https:\/\/www.capilae.es\/blog\/author\/admin_capilae"}]}},"_links":{"self":[{"href":"https:\/\/www.capilae.es\/blog\/wp-json\/wp\/v2\/posts\/973","targetHints":{"allow":["GET"]}}],"collection":[{"href":"https:\/\/www.capilae.es\/blog\/wp-json\/wp\/v2\/posts"}],"about":[{"href":"https:\/\/www.capilae.es\/blog\/wp-json\/wp\/v2\/types\/post"}],"author":[{"embeddable":true,"href":"https:\/\/www.capilae.es\/blog\/wp-json\/wp\/v2\/users\/1"}],"replies":[{"embeddable":true,"href":"https:\/\/www.capilae.es\/blog\/wp-json\/wp\/v2\/comments?post=973"}],"version-history":[{"count":3,"href":"https:\/\/www.capilae.es\/blog\/wp-json\/wp\/v2\/posts\/973\/revisions"}],"predecessor-version":[{"id":977,"href":"https:\/\/www.capilae.es\/blog\/wp-json\/wp\/v2\/posts\/973\/revisions\/977"}],"wp:attachment":[{"href":"https:\/\/www.capilae.es\/blog\/wp-json\/wp\/v2\/media?parent=973"}],"wp:term":[{"taxonomy":"category","embeddable":true,"href":"https:\/\/www.capilae.es\/blog\/wp-json\/wp\/v2\/categories?post=973"},{"taxonomy":"post_tag","embeddable":true,"href":"https:\/\/www.capilae.es\/blog\/wp-json\/wp\/v2\/tags?post=973"}],"curies":[{"name":"wp","href":"https:\/\/api.w.org\/{rel}","templated":true}]}}